{"id":19691,"date":"2024-08-13T14:04:15","date_gmt":"2024-08-13T14:04:15","guid":{"rendered":"http:\/\/staging.ibermusicas.org\/?p=19691"},"modified":"2024-08-30T17:41:01","modified_gmt":"2024-08-30T17:41:01","slug":"la-joven-orquesta-de-pamplona-viaja-a-colombia-como-parte-de-su-intercambio-con-la-sinfonietta-academy-de-bogota","status":"publish","type":"post","link":"http:\/\/staging.ibermusicas.org\/index.php\/la-joven-orquesta-de-pamplona-viaja-a-colombia-como-parte-de-su-intercambio-con-la-sinfonietta-academy-de-bogota\/","title":{"rendered":"La Joven Orquesta de Pamplona viaja a Colombia como parte de su intercambio con la Sinfonietta Academy de Bogot\u00e1"},"content":{"rendered":"<p>El intercambio entre la Joven Orquesta de Pamplona y Sinfonietta Academy consiste en realizar dos proyectos sinf\u00f3nicos: uno en Colombia y otro en Espa\u00f1a, intercambiando los directores de cada orquesta y un grupo reducido de m\u00fasicos que viajar\u00e1n entre los dos pa\u00edses. En cada pa\u00eds se realizar\u00e1n dos conciertos con programas diferentes que incluyen obras de compositores tanto latinoamericanos como ib\u00e9ricos.<\/p>\n<p>&nbsp;<\/p>\n<p>Estos dos programas transcurrir\u00e1n con sus respectivos ensayos y creaci\u00f3n de material promocional para que la propuesta llegue al p\u00fablico general pero sobre todo al p\u00fablico joven.<\/p>\n<p>&nbsp;<\/p>\n<p>Esta parte del proyecto es la referente a los conciertos en Colombia a los que los m\u00fasicos de la Joven Orquesta de Pamplona han sido invitados para colaborar con la orquesta Sinfonietta Academy de Bogot\u00e1.<\/p>\n<p>&nbsp;<\/p>\n<p>La Joven Orquesta de Pamplona es una orquesta formada y autogestionada por j\u00f3venes int\u00e9rpretes de Navarra y alrededores. Su fundadora, Mirari Etxeberria, comenz\u00f3 este proyecto en 2017, con tan solo 20 a\u00f1os de edad, con el fin de introducirse en la direcci\u00f3n orquestal. En la actualidad, la orquesta ha crecido hasta llegar a tener m\u00e1s de 65 integrantes, alumnos de estudios musicales de alto nivel pertenecientes a diferentes especialidades como la interpretaci\u00f3n, la composici\u00f3n, la musicolog\u00eda y la pedagog\u00eda. Se trata de un proyecto que pretende acercar a los j\u00f3venes m\u00fasicos al mundo laboral, ya que una de las salidas profesionales m\u00e1s deseadas por \u00e9stos es formar parte de grandes orquestas.<\/p>\n<p>&nbsp;<\/p>\n<p>La Sinfonietta Academy de Bogot\u00e1 busca aprovechar las diferentes posibilidades de la m\u00fasica a trav\u00e9s de la formaci\u00f3n especializada y profesional, el mejoramiento de la salud, la m\u00fasica como agente de transformaci\u00f3n para el cambio social, la ense\u00f1anza de la m\u00fasica, la investigaci\u00f3n y la preservaci\u00f3n de esta como patrimonio, entre otros, para lo cual trabaja sobre cinco l\u00edneas de acci\u00f3n: educaci\u00f3n, interpretaci\u00f3n, m\u00fasica comunitaria, musicoterapia e investigaci\u00f3n.<\/p>\n<p>&nbsp;<\/p>\n<p>La presentaci\u00f3n de La Joven Orquesta de Pamplona en Bogot\u00e1 es posible gracias al apoyo del Programa Iberm\u00fasicas.<\/p>\n<p>&nbsp;<\/p>\n<p>&nbsp;<\/p>\n<ul>\n<li>Viernes 23 de agosto, 15h: Concierto en el Auditorio Le\u00f3n de Greiff, Bogot\u00e1, Colombia<\/li>\n<\/ul>\n","protected":false},"excerpt":{"rendered":"<p>El intercambio entre la Joven Orquesta de Pamplona y Sinfonietta Academy consiste en realizar dos proyectos sinf\u00f3nicos: uno en Colombia y otro en Espa\u00f1a, intercambiando los directores de cada orquesta y un grupo reducido de m\u00fasicos que viajar\u00e1n entre los dos pa\u00edses. En cada pa\u00eds se realizar\u00e1n dos conciertos con programas diferentes que incluyen obras [&hellip;]<\/p>\n","protected":false},"author":7,"featured_media":19692,"comment_status":"closed","ping_status":"closed","sticky":false,"template":"","format":"standard","meta":{"footnotes":""},"categories":[53],"tags":[],"class_list":["post-19691","post","type-post","status-publish","format-standard","has-post-thumbnail","hentry","category-noticias-generales"],"lang":"es","translations":{"es":19691,"pt":19694},"pll_sync_post":[],"post_mailing_queue_ids":[],"_links":{"self":[{"href":"http:\/\/staging.ibermusicas.org\/index.php\/wp-json\/wp\/v2\/posts\/19691","targetHints":{"allow":["GET"]}}],"collection":[{"href":"http:\/\/staging.ibermusicas.org\/index.php\/wp-json\/wp\/v2\/posts"}],"about":[{"href":"http:\/\/staging.ibermusicas.org\/index.php\/wp-json\/wp\/v2\/types\/post"}],"author":[{"embeddable":true,"href":"http:\/\/staging.ibermusicas.org\/index.php\/wp-json\/wp\/v2\/users\/7"}],"replies":[{"embeddable":true,"href":"http:\/\/staging.ibermusicas.org\/index.php\/wp-json\/wp\/v2\/comments?post=19691"}],"version-history":[{"count":1,"href":"http:\/\/staging.ibermusicas.org\/index.php\/wp-json\/wp\/v2\/posts\/19691\/revisions"}],"predecessor-version":[{"id":19693,"href":"http:\/\/staging.ibermusicas.org\/index.php\/wp-json\/wp\/v2\/posts\/19691\/revisions\/19693"}],"wp:featuredmedia":[{"embeddable":true,"href":"http:\/\/staging.ibermusicas.org\/index.php\/wp-json\/wp\/v2\/media\/19692"}],"wp:attachment":[{"href":"http:\/\/staging.ibermusicas.org\/index.php\/wp-json\/wp\/v2\/media?parent=19691"}],"wp:term":[{"taxonomy":"category","embeddable":true,"href":"http:\/\/staging.ibermusicas.org\/index.php\/wp-json\/wp\/v2\/categories?post=19691"},{"taxonomy":"post_tag","embeddable":true,"href":"http:\/\/staging.ibermusicas.org\/index.php\/wp-json\/wp\/v2\/tags?post=19691"}],"curies":[{"name":"wp","href":"https:\/\/api.w.org\/{rel}","templated":true}]}}