{"id":19694,"date":"2024-08-13T14:05:42","date_gmt":"2024-08-13T14:05:42","guid":{"rendered":"http:\/\/staging.ibermusicas.org\/?p=19694"},"modified":"2024-08-30T17:44:42","modified_gmt":"2024-08-30T17:44:42","slug":"a-orquestra-juvenil-de-pamplona-desloca-se-a-colombia-no-ambito-do-seu-intercambio-com-a-academia-sinfonietta-de-bogota","status":"publish","type":"post","link":"http:\/\/staging.ibermusicas.org\/index.php\/a-orquestra-juvenil-de-pamplona-desloca-se-a-colombia-no-ambito-do-seu-intercambio-com-a-academia-sinfonietta-de-bogota\/","title":{"rendered":"A Orquestra Juvenil de Pamplona desloca-se \u00e0 Col\u00f4mbia no \u00e2mbito do seu interc\u00e2mbio com a Academia Sinfonietta de Bogot\u00e1"},"content":{"rendered":"<p>O interc\u00e2mbio entre a Orquestra Juvenil de Pamplona e a Academia Sinfonietta consiste em dois projectos sinf\u00f3nicos: um na Col\u00f4mbia e outro em Espanha, com a troca dos maestros de cada orquestra e de um pequeno grupo de m\u00fasicos que viajar\u00e3o entre os dois pa\u00edses. Em cada pa\u00eds ser\u00e3o realizados dois concertos com programas diferentes, incluindo obras de compositores latino-americanos e ib\u00e9ricos.<\/p>\n<p>&nbsp;<\/p>\n<p>Estes dois programas incluir\u00e3o ensaios e a cria\u00e7\u00e3o de material promocional para que a proposta chegue ao p\u00fablico em geral, mas especialmente ao p\u00fablico jovem.<\/p>\n<p>&nbsp;<\/p>\n<p>Esta parte do projeto refere-se aos concertos na Col\u00f4mbia para os quais os m\u00fasicos da Orquestra Juvenil de Pamplona foram convidados a colaborar com a orquestra Sinfonietta Academy de Bogot\u00e1.<\/p>\n<p>&nbsp;<\/p>\n<p>A Orquestra Juvenil de Pamplona \u00e9 uma orquestra formada e auto-gerida por jovens artistas de Navarra e arredores. A sua fundadora, Mirari Etxeberria, iniciou este projeto em 2017, quando tinha apenas 20 anos de idade, com o objetivo de se introduzir na dire\u00e7\u00e3o de orquestra. Atualmente, a orquestra conta com mais de 65 membros, estudantes de estudos musicais de alto n\u00edvel pertencentes a diferentes especialidades, como performance, composi\u00e7\u00e3o, musicologia e pedagogia. Trata-se de um projeto que visa aproximar os jovens m\u00fasicos do mundo do trabalho, uma vez que uma das oportunidades profissionais mais desejadas por estes \u00e9 fazer parte de grandes orquestras.<\/p>\n<p>&nbsp;<\/p>\n<p>A Academia Sinfonietta de Bogot\u00e1 procura aproveitar as diferentes possibilidades da m\u00fasica atrav\u00e9s da forma\u00e7\u00e3o especializada e profissional, da melhoria da sa\u00fade, da m\u00fasica como agente de transforma\u00e7\u00e3o para a mudan\u00e7a social, do ensino da m\u00fasica, da investiga\u00e7\u00e3o e da preserva\u00e7\u00e3o da m\u00fasica como patrim\u00f3nio, entre outras, para o que trabalha em cinco linhas de a\u00e7\u00e3o: educa\u00e7\u00e3o, performance, m\u00fasica comunit\u00e1ria, musicoterapia e investiga\u00e7\u00e3o.<\/p>\n<p>&nbsp;<\/p>\n<p>A atua\u00e7\u00e3o de La Joven Orquesta de Pamplona em Bogot\u00e1 \u00e9 poss\u00edvel gra\u00e7as ao apoio do Programa Iberm\u00fasicas.<\/p>\n<p>&nbsp;<\/p>\n<ul>\n<li>Sexta-feira, 23 de agosto: Concerto no Audit\u00f3rio Le\u00f3n de Greiff, Bogot\u00e1, Col\u00f4mbia.<\/li>\n<\/ul>\n","protected":false},"excerpt":{"rendered":"<p>O interc\u00e2mbio entre a Orquestra Juvenil de Pamplona e a Academia Sinfonietta consiste em dois projectos sinf\u00f3nicos: um na Col\u00f4mbia e outro em Espanha, com a troca dos maestros de cada orquestra e de um pequeno grupo de m\u00fasicos que viajar\u00e3o entre os dois pa\u00edses. Em cada pa\u00eds ser\u00e3o realizados dois concertos com programas diferentes, [&hellip;]<\/p>\n","protected":false},"author":7,"featured_media":19692,"comment_status":"closed","ping_status":"closed","sticky":false,"template":"","format":"standard","meta":{"footnotes":""},"categories":[218],"tags":[],"class_list":["post-19694","post","type-post","status-publish","format-standard","has-post-thumbnail","hentry","category-noticias-generales-pt"],"lang":"pt","translations":{"pt":19694,"es":19691},"pll_sync_post":[],"post_mailing_queue_ids":[],"_links":{"self":[{"href":"http:\/\/staging.ibermusicas.org\/index.php\/wp-json\/wp\/v2\/posts\/19694","targetHints":{"allow":["GET"]}}],"collection":[{"href":"http:\/\/staging.ibermusicas.org\/index.php\/wp-json\/wp\/v2\/posts"}],"about":[{"href":"http:\/\/staging.ibermusicas.org\/index.php\/wp-json\/wp\/v2\/types\/post"}],"author":[{"embeddable":true,"href":"http:\/\/staging.ibermusicas.org\/index.php\/wp-json\/wp\/v2\/users\/7"}],"replies":[{"embeddable":true,"href":"http:\/\/staging.ibermusicas.org\/index.php\/wp-json\/wp\/v2\/comments?post=19694"}],"version-history":[{"count":1,"href":"http:\/\/staging.ibermusicas.org\/index.php\/wp-json\/wp\/v2\/posts\/19694\/revisions"}],"predecessor-version":[{"id":19695,"href":"http:\/\/staging.ibermusicas.org\/index.php\/wp-json\/wp\/v2\/posts\/19694\/revisions\/19695"}],"wp:featuredmedia":[{"embeddable":true,"href":"http:\/\/staging.ibermusicas.org\/index.php\/wp-json\/wp\/v2\/media\/19692"}],"wp:attachment":[{"href":"http:\/\/staging.ibermusicas.org\/index.php\/wp-json\/wp\/v2\/media?parent=19694"}],"wp:term":[{"taxonomy":"category","embeddable":true,"href":"http:\/\/staging.ibermusicas.org\/index.php\/wp-json\/wp\/v2\/categories?post=19694"},{"taxonomy":"post_tag","embeddable":true,"href":"http:\/\/staging.ibermusicas.org\/index.php\/wp-json\/wp\/v2\/tags?post=19694"}],"curies":[{"name":"wp","href":"https:\/\/api.w.org\/{rel}","templated":true}]}}