{"id":19701,"date":"2024-08-13T14:11:42","date_gmt":"2024-08-13T14:11:42","guid":{"rendered":"http:\/\/staging.ibermusicas.org\/?p=19701"},"modified":"2024-08-30T17:41:22","modified_gmt":"2024-08-30T17:41:22","slug":"el-duo-portugues-modulatus-actuara-en-brasil","status":"publish","type":"post","link":"http:\/\/staging.ibermusicas.org\/index.php\/el-duo-portugues-modulatus-actuara-en-brasil\/","title":{"rendered":"El d\u00fao portugu\u00e9s Modulatus actuar\u00e1 en Brasil"},"content":{"rendered":"<p>Modulatus: \u00abmelodioso, armonioso, modulaci\u00f3n, canto\u00bb. La palabra latina proviene de la b\u00fasqueda musical que este d\u00fao, formado por la cantante portuguesa Laura Rui y el guitarrista brasile\u00f1o Iury Matias, se propone cumplir en sus actuaciones. En un contexto creativo y de improvisaci\u00f3n, surge un di\u00e1logo entre la m\u00fasica brasile\u00f1a, portuguesa y el jazz, donde el ritmo y los sonidos del mundo desempe\u00f1an un papel central en la concepci\u00f3n de los arreglos y reinterpretaciones del repertorio elegido por el d\u00fao.<\/p>\n<p>&nbsp;<\/p>\n<p>En esta elecci\u00f3n de temas musicales de otros compositores, el d\u00fao observa y absorbe el original, haciendo siempre una nueva lectura en la que sus referencias musicales pueden hacerse eco del tema que les enamor\u00f3 inicialmente.<\/p>\n<p>&nbsp;<\/p>\n<p>M\u00e1s all\u00e1 de esta perspectiva, Modulatus Project es tambi\u00e9n un laboratorio de composiciones originales donde la experimentaci\u00f3n y la espontaneidad no conocen l\u00edmites. En la actualidad, el d\u00fao se centra cada vez m\u00e1s en este segundo aspecto, tratando de mostrar su m\u00fasica en la que la vida, el mar, la tierra y el tiempo cobran protagonismo en las letras y en la propia melod\u00eda.<\/p>\n<p>&nbsp;<\/p>\n<p>En este campo, los temas originales surgen con la experimentaci\u00f3n de loops, permitiendo la exploraci\u00f3n r\u00edtmica, arm\u00f3nica y mel\u00f3dica, as\u00ed como la experimentaci\u00f3n t\u00edmbrica tanto en la guitarra como en la voz, con espacio para la improvisaci\u00f3n de ambos m\u00fasicos, lo que permite una espontaneidad total en cada concierto.<\/p>\n<p>&nbsp;<\/p>\n<p>El d\u00fao ha publicado recientemente su primer \u00e1lbum \u00abModulatus\u00bb, con el que pretenden ofrecer y compartir su g\u00e9nesis musical.<\/p>\n<p>&nbsp;<\/p>\n<p>La actual gira de Modulatus cuenta con el apoyo del Programa Iberm\u00fasicas. Modulatus fue ganador de la convocatoria 2023 del Programa.<\/p>\n<p>&nbsp;<\/p>\n<ul>\n<li>24 de agosto, 21.00 h: recinto de Canaf\u00edstula<\/li>\n<li>29 de agosto, 20h: auditorio de la Escuela Estatal de M\u00fasica Possid\u00f4nio Queiroz<\/li>\n<\/ul>\n","protected":false},"excerpt":{"rendered":"<p>Modulatus: \u00abmelodioso, armonioso, modulaci\u00f3n, canto\u00bb. La palabra latina proviene de la b\u00fasqueda musical que este d\u00fao, formado por la cantante portuguesa Laura Rui y el guitarrista brasile\u00f1o Iury Matias, se propone cumplir en sus actuaciones. En un contexto creativo y de improvisaci\u00f3n, surge un di\u00e1logo entre la m\u00fasica brasile\u00f1a, portuguesa y el jazz, donde el [&hellip;]<\/p>\n","protected":false},"author":7,"featured_media":19703,"comment_status":"closed","ping_status":"closed","sticky":false,"template":"","format":"standard","meta":{"footnotes":""},"categories":[53],"tags":[],"class_list":["post-19701","post","type-post","status-publish","format-standard","has-post-thumbnail","hentry","category-noticias-generales"],"lang":"es","translations":{"es":19701,"pt":19705},"pll_sync_post":[],"post_mailing_queue_ids":[],"_links":{"self":[{"href":"http:\/\/staging.ibermusicas.org\/index.php\/wp-json\/wp\/v2\/posts\/19701","targetHints":{"allow":["GET"]}}],"collection":[{"href":"http:\/\/staging.ibermusicas.org\/index.php\/wp-json\/wp\/v2\/posts"}],"about":[{"href":"http:\/\/staging.ibermusicas.org\/index.php\/wp-json\/wp\/v2\/types\/post"}],"author":[{"embeddable":true,"href":"http:\/\/staging.ibermusicas.org\/index.php\/wp-json\/wp\/v2\/users\/7"}],"replies":[{"embeddable":true,"href":"http:\/\/staging.ibermusicas.org\/index.php\/wp-json\/wp\/v2\/comments?post=19701"}],"version-history":[{"count":1,"href":"http:\/\/staging.ibermusicas.org\/index.php\/wp-json\/wp\/v2\/posts\/19701\/revisions"}],"predecessor-version":[{"id":19704,"href":"http:\/\/staging.ibermusicas.org\/index.php\/wp-json\/wp\/v2\/posts\/19701\/revisions\/19704"}],"wp:featuredmedia":[{"embeddable":true,"href":"http:\/\/staging.ibermusicas.org\/index.php\/wp-json\/wp\/v2\/media\/19703"}],"wp:attachment":[{"href":"http:\/\/staging.ibermusicas.org\/index.php\/wp-json\/wp\/v2\/media?parent=19701"}],"wp:term":[{"taxonomy":"category","embeddable":true,"href":"http:\/\/staging.ibermusicas.org\/index.php\/wp-json\/wp\/v2\/categories?post=19701"},{"taxonomy":"post_tag","embeddable":true,"href":"http:\/\/staging.ibermusicas.org\/index.php\/wp-json\/wp\/v2\/tags?post=19701"}],"curies":[{"name":"wp","href":"https:\/\/api.w.org\/{rel}","templated":true}]}}