{"id":19705,"date":"2024-08-13T14:12:57","date_gmt":"2024-08-13T14:12:57","guid":{"rendered":"http:\/\/staging.ibermusicas.org\/?p=19705"},"modified":"2024-08-30T17:44:56","modified_gmt":"2024-08-30T17:44:56","slug":"a-dupla-portuguesa-modulatus-vai-apresentar-se-no-brasil","status":"publish","type":"post","link":"http:\/\/staging.ibermusicas.org\/index.php\/a-dupla-portuguesa-modulatus-vai-apresentar-se-no-brasil\/","title":{"rendered":"A dupla portuguesa Modulatus vai apresentar-se no Brasil"},"content":{"rendered":"<p>Modulatus: \u201cmelodioso, harmonioso, modula\u00e7\u00e3o, canto\u201d. A palavra do latim surge na busca musical a que este duo, composto pela cantora portuguesa Laura Rui e o guitarrista brasileiro Iury Matias, se prop\u00f5e nas<\/p>\n<p>suas performances. Sob um contexto de car\u00e1cter criativo e improvisat\u00f3rio, surge um di\u00e1logo entre a m\u00fasica brasileira, portuguesa e o jazz, onde o ritmo e sonoridades do mundo adquirem um papel central na concep\u00e7\u00e3o dos arranjos e releituras do repert\u00f3rio escolhido pelo duo.<\/p>\n<p>&nbsp;<\/p>\n<p>Nesta escolha de temas musicais de outros compositores o duo observa e absorve o original, fazendo sempre uma nova leitura onde as suas refer\u00eancias musicais possam ecoar sobre aquele tema que os apaixonou inicialmente.<\/p>\n<p>&nbsp;<\/p>\n<p>Para al\u00e9m desta perspectiva, Modulatus Project \u00e9 igualmente um laborat\u00f3rio de composi\u00e7\u00f5es originais onde a experimenta\u00e7\u00e3o e a espontaneidade n\u00e3o conhecem limites. No momento o duo tem apostado cada vez mais (e afincadamente) nesta segunda vertente, procurando mostrar a sua m\u00fasica em que a vida, o mar, a terra e o tempo tomam papel central na letra e na pr\u00f3pria melodia.<\/p>\n<p>&nbsp;<\/p>\n<p>Neste campo surgem temas originais com experimenta\u00e7\u00f5es em loop station, permitindo um trabalho de explora\u00e7\u00e3o r\u00edtmica, harm\u00f4nica, mel\u00f3dica, entre experimenta\u00e7\u00f5es t\u00edmbricas tanto na guitarra como na voz, com espa\u00e7o para o surgimento de improvisa\u00e7\u00f5es de ambos os m\u00fasicos, o que permitir\u00e1 uma total espontaneidade em cada concerto.<\/p>\n<p>&nbsp;<\/p>\n<p>A dupla lan\u00e7ou recentemente o seu primeiro \u00e1lbum \u00abModulatus\u00bb, com o qual pretendem oferecer e compartilhar a sua g\u00e9nese musical.<\/p>\n<p>&nbsp;<\/p>\n<p>A presente digress\u00e3o de Modulatus conta com o apoio do Programa Iberm\u00fasicas. Modulatus foi vencedor dos editais 2023 do Programa.<\/p>\n<p>&nbsp;<\/p>\n<ul>\n<li>24 de agosto, 21h: s\u00edtio Canaf\u00edstula<\/li>\n<li>29 de agosto, 20h: audit\u00f3rio da Escola Estadual de M\u00fasica Possid\u00f4nio Queiroz<\/li>\n<\/ul>\n","protected":false},"excerpt":{"rendered":"<p>Modulatus: \u201cmelodioso, harmonioso, modula\u00e7\u00e3o, canto\u201d. A palavra do latim surge na busca musical a que este duo, composto pela cantora portuguesa Laura Rui e o guitarrista brasileiro Iury Matias, se prop\u00f5e nas suas performances. Sob um contexto de car\u00e1cter criativo e improvisat\u00f3rio, surge um di\u00e1logo entre a m\u00fasica brasileira, portuguesa e o jazz, onde o [&hellip;]<\/p>\n","protected":false},"author":7,"featured_media":19703,"comment_status":"closed","ping_status":"closed","sticky":false,"template":"","format":"standard","meta":{"footnotes":""},"categories":[218],"tags":[],"class_list":["post-19705","post","type-post","status-publish","format-standard","has-post-thumbnail","hentry","category-noticias-generales-pt"],"lang":"pt","translations":{"pt":19705,"es":19701},"pll_sync_post":[],"post_mailing_queue_ids":[],"_links":{"self":[{"href":"http:\/\/staging.ibermusicas.org\/index.php\/wp-json\/wp\/v2\/posts\/19705","targetHints":{"allow":["GET"]}}],"collection":[{"href":"http:\/\/staging.ibermusicas.org\/index.php\/wp-json\/wp\/v2\/posts"}],"about":[{"href":"http:\/\/staging.ibermusicas.org\/index.php\/wp-json\/wp\/v2\/types\/post"}],"author":[{"embeddable":true,"href":"http:\/\/staging.ibermusicas.org\/index.php\/wp-json\/wp\/v2\/users\/7"}],"replies":[{"embeddable":true,"href":"http:\/\/staging.ibermusicas.org\/index.php\/wp-json\/wp\/v2\/comments?post=19705"}],"version-history":[{"count":1,"href":"http:\/\/staging.ibermusicas.org\/index.php\/wp-json\/wp\/v2\/posts\/19705\/revisions"}],"predecessor-version":[{"id":19706,"href":"http:\/\/staging.ibermusicas.org\/index.php\/wp-json\/wp\/v2\/posts\/19705\/revisions\/19706"}],"wp:featuredmedia":[{"embeddable":true,"href":"http:\/\/staging.ibermusicas.org\/index.php\/wp-json\/wp\/v2\/media\/19703"}],"wp:attachment":[{"href":"http:\/\/staging.ibermusicas.org\/index.php\/wp-json\/wp\/v2\/media?parent=19705"}],"wp:term":[{"taxonomy":"category","embeddable":true,"href":"http:\/\/staging.ibermusicas.org\/index.php\/wp-json\/wp\/v2\/categories?post=19705"},{"taxonomy":"post_tag","embeddable":true,"href":"http:\/\/staging.ibermusicas.org\/index.php\/wp-json\/wp\/v2\/tags?post=19705"}],"curies":[{"name":"wp","href":"https:\/\/api.w.org\/{rel}","templated":true}]}}