{"id":19707,"date":"2024-08-13T14:15:24","date_gmt":"2024-08-13T14:15:24","guid":{"rendered":"http:\/\/staging.ibermusicas.org\/?p=19707"},"modified":"2024-08-30T17:41:30","modified_gmt":"2024-08-30T17:41:30","slug":"el-quinteto-saturnino-de-mexico-realizara-una-gira-por-costa-rica-presentando-su-album-cinco-al-viento-compositoras-emergentes-de-mexico","status":"publish","type":"post","link":"http:\/\/staging.ibermusicas.org\/index.php\/el-quinteto-saturnino-de-mexico-realizara-una-gira-por-costa-rica-presentando-su-album-cinco-al-viento-compositoras-emergentes-de-mexico\/","title":{"rendered":"El Quinteto Saturnino de M\u00e9xico realizar\u00e1 una gira por Costa Rica presentando su \u00e1lbum \u201cCinco al Viento &#8211; Compositoras Emergentes de M\u00e9xico\u201d"},"content":{"rendered":"<p>El Quinteto Saturnino presentar\u00e1 su disco \u201cCinco al Viento &#8211; Compositoras Emergentes de M\u00e9xico\u201d en Costa Rica. Este quinteto tiene el objetivo de difundir la m\u00fasica escrita especialmente para esta dotaci\u00f3n de alientos de flauta, oboe, clarinete, trompa y fagot, ya que el repertorio es muy extenso y poco interpretado, abarcando obras desde el periodo cl\u00e1sico hasta nuestros d\u00edas.<\/p>\n<p>&nbsp;<\/p>\n<p>Este ensamble se cre\u00f3 en 2017 en la ciudad de Aguascalientes, su nombre se inspira en el artista local Saturnino Herr\u00e1n, importante referente de las artes pl\u00e1sticas en M\u00e9xico.<\/p>\n<p>&nbsp;<\/p>\n<p>Ha estrenado las obras Cinco seres fant\u00e1sticos (2018) de Alejandro Vel\u00e1zquez, Herlinda (2021) y Tlalixtac (2022) de Nubia Jaime Donjuan. En el a\u00f1o 2022 presentaron con obras de estreno su primer material discogr\u00e1fico \u00abCinco al viento, compositoras emergentes de M\u00e9xico\u00bb el cual fue auspiciado por el Sistema de Apoyos a la Creaci\u00f3n y proyectos Culturales (SACPC).<\/p>\n<p>&nbsp;<\/p>\n<p>Cinco al viento es una colaboraci\u00f3n entre el Quinteto Saturnino y cinco compositoras emergentes de M\u00e9xico: Nubia Jaime Don Juan, Nathalie Guti\u00e9rrez, Jimena Contreras, Gabriela Maravilla y Sandra Lemus. La motivaci\u00f3n primordial es visibilizar a las mujeres compositoras interpretando y difundiendo su trabajo.<\/p>\n<p>&nbsp;<\/p>\n<p>Integran el quinteto saturnino: Griselda Herrera &#8211; Fagot, Carolina L\u00f3pez Velarde &#8211; Corno, Erick Rivas &#8211; Clarinete, Roc\u00edo Varela &#8211; Flauta y Uriel Velez &#8211; Oboe. En esta gira estar\u00e1 como suplente Nayeli Cervantes.<\/p>\n<p>&nbsp;<\/p>\n<p>Esta gira del Quinteto Saturnino cuenta con el apoyo de Iberm\u00fasicas por medio de sus Ayudas a la Circulaci\u00f3n del Sector Musical, convocatoria 2023.<\/p>\n<p>&nbsp;<\/p>\n<p>&nbsp;<\/p>\n<ul>\n<li>27 de Agosto Charla, \u201cCompositoras Emergentes de M\u00e9xico\u201d. Sala Mar\u00eda Clara Vargas Cullel, Escuela de Artes Musicales, Universidad de Costa Rica.<\/li>\n<li>27 de Agosto Concierto, \u201cCinco al Viento, Compositoras Emergentes de M\u00e9xico\u201d, Centro Cultural Montes de Oca, San Jos\u00e9, Costa Rica<\/li>\n<li>28 de Agosto Clase Maestra y conversatorio, con el Quinteto Saturnino. Auditorio de Artes, Universidad de Costa Rica<\/li>\n<li>29 de Agosto Concierto, \u201cCinco al Viento, Compositoras Emergentes de M\u00e9xico\u201d, Sala Mar\u00eda Clara Vargas Cullel, Escuela de Artes Musicales, Universidad de Costa Rica<\/li>\n<li>30 de Agosto Clase Maestra, Quinteto Saturnino. Auditorio de Artes, Universidad de Costa Rica.<\/li>\n<li>31 de Agosto Concierto, \u201cCinco al Viento, Compositoras Emergentes de M\u00e9xico\u201d. Escuela de la Sede Occidente de la Universidad de Costa Rica<\/li>\n<li>2 de Septiembre Clase Maestra, con el Quinteto Saturnino. Sala de Conciertos de la Sede del Atl\u00e1ntico de la Universidad de Costa Rica<\/li>\n<li>2 de Septiembre Concierto, \u201cCinco al Viento, Compositoras Emergentes de M\u00e9xico\u201d. Sala de Conciertos de la Sede del Atl\u00e1ntico de la Universidad de Costa Rica<\/li>\n<\/ul>\n","protected":false},"excerpt":{"rendered":"<p>El Quinteto Saturnino presentar\u00e1 su disco \u201cCinco al Viento &#8211; Compositoras Emergentes de M\u00e9xico\u201d en Costa Rica. Este quinteto tiene el objetivo de difundir la m\u00fasica escrita especialmente para esta dotaci\u00f3n de alientos de flauta, oboe, clarinete, trompa y fagot, ya que el repertorio es muy extenso y poco interpretado, abarcando obras desde el periodo [&hellip;]<\/p>\n","protected":false},"author":7,"featured_media":19708,"comment_status":"closed","ping_status":"closed","sticky":false,"template":"","format":"standard","meta":{"footnotes":""},"categories":[53],"tags":[],"class_list":["post-19707","post","type-post","status-publish","format-standard","has-post-thumbnail","hentry","category-noticias-generales"],"lang":"es","translations":{"es":19707,"pt":19710},"pll_sync_post":[],"post_mailing_queue_ids":[],"_links":{"self":[{"href":"http:\/\/staging.ibermusicas.org\/index.php\/wp-json\/wp\/v2\/posts\/19707","targetHints":{"allow":["GET"]}}],"collection":[{"href":"http:\/\/staging.ibermusicas.org\/index.php\/wp-json\/wp\/v2\/posts"}],"about":[{"href":"http:\/\/staging.ibermusicas.org\/index.php\/wp-json\/wp\/v2\/types\/post"}],"author":[{"embeddable":true,"href":"http:\/\/staging.ibermusicas.org\/index.php\/wp-json\/wp\/v2\/users\/7"}],"replies":[{"embeddable":true,"href":"http:\/\/staging.ibermusicas.org\/index.php\/wp-json\/wp\/v2\/comments?post=19707"}],"version-history":[{"count":1,"href":"http:\/\/staging.ibermusicas.org\/index.php\/wp-json\/wp\/v2\/posts\/19707\/revisions"}],"predecessor-version":[{"id":19709,"href":"http:\/\/staging.ibermusicas.org\/index.php\/wp-json\/wp\/v2\/posts\/19707\/revisions\/19709"}],"wp:featuredmedia":[{"embeddable":true,"href":"http:\/\/staging.ibermusicas.org\/index.php\/wp-json\/wp\/v2\/media\/19708"}],"wp:attachment":[{"href":"http:\/\/staging.ibermusicas.org\/index.php\/wp-json\/wp\/v2\/media?parent=19707"}],"wp:term":[{"taxonomy":"category","embeddable":true,"href":"http:\/\/staging.ibermusicas.org\/index.php\/wp-json\/wp\/v2\/categories?post=19707"},{"taxonomy":"post_tag","embeddable":true,"href":"http:\/\/staging.ibermusicas.org\/index.php\/wp-json\/wp\/v2\/tags?post=19707"}],"curies":[{"name":"wp","href":"https:\/\/api.w.org\/{rel}","templated":true}]}}