{"id":19710,"date":"2024-08-13T14:16:41","date_gmt":"2024-08-13T14:16:41","guid":{"rendered":"http:\/\/staging.ibermusicas.org\/?p=19710"},"modified":"2024-08-30T17:45:03","modified_gmt":"2024-08-30T17:45:03","slug":"quinteto-saturnino-do-mexico-fara-uma-digressao-pela-costa-rica-apresentando-o-seu-album-cinco-al-viento-compositoras-emergentes-de-mexico","status":"publish","type":"post","link":"http:\/\/staging.ibermusicas.org\/index.php\/quinteto-saturnino-do-mexico-fara-uma-digressao-pela-costa-rica-apresentando-o-seu-album-cinco-al-viento-compositoras-emergentes-de-mexico\/","title":{"rendered":"Quinteto Saturnino do M\u00e9xico far\u00e1 uma digress\u00e3o pela Costa Rica apresentando o seu \u00e1lbum \u201cCinco al Viento &#8211; Compositoras Emergentes de M\u00e9xico\u201d"},"content":{"rendered":"<p>O Quinteto Saturnino apresentar\u00e1 o seu \u00e1lbum \u201cCinco al Viento &#8211; Compositoras Emergentes de M\u00e9xico\u201d na Costa Rica. Este quinteto tem como objetivo divulgar a m\u00fasica escrita especialmente para este conjunto de flauta, obo\u00e9, clarinete, trompa e fagote, uma vez que o repert\u00f3rio \u00e9 muito extenso e pouco executado, abrangendo obras desde o per\u00edodo cl\u00e1ssico at\u00e9 aos dias de hoje.<\/p>\n<p>&nbsp;<\/p>\n<p>Este ensemble foi criado em 2017 na cidade de Aguascalientes, o seu nome \u00e9 inspirado no artista local Saturnino Herr\u00e1n, uma importante refer\u00eancia nas artes pl\u00e1sticas no M\u00e9xico.<\/p>\n<p>&nbsp;<\/p>\n<p>Estreou as obras Cinco seres fant\u00e1sticos (2018) de Alejandro Vel\u00e1zquez, Herlinda (2021) e Tlalixtac (2022) de Nubia Jaime Donjuan. No ano de 2022 apresentaram com obras de estreia o seu primeiro material discogr\u00e1fico \u201cCinco al viento, compositoras emergentes de M\u00e9xico\u201d que foi patrocinado pelo Sistema de Apoyos a la Creaci\u00f3n y proyectos Culturales (SACPC).<\/p>\n<p>&nbsp;<\/p>\n<p>Cinco al viento \u00e9 uma colabora\u00e7\u00e3o entre o Quinteto Saturnino e cinco compositoras emergentes do M\u00e9xico: Nubia Jaime Don Juan, Nathalie Guti\u00e9rrez, Jimena Contreras, Gabriela Maravilla y Sandra Lemus. A principal motiva\u00e7\u00e3o \u00e9 tornar as mulheres compositoras vis\u00edveis atrav\u00e9s da execu\u00e7\u00e3o e divulga\u00e7\u00e3o do seu trabalho.<\/p>\n<p>&nbsp;<\/p>\n<p>Os membros do quinteto s\u00e3o: Griselda Herrera &#8211; Fagote, Carolina L\u00f3pez Velarde &#8211; Trompa, Erick Rivas &#8211; Clarinete, Roc\u00edo Varela &#8211; Flauta e Uriel Velez &#8211; Obo\u00e9. Nayeli Cervantes ir\u00e1 substitu\u00ed-lo nesta digress\u00e3o.<\/p>\n<p>&nbsp;<\/p>\n<p>Esta digress\u00e3o do Quinteto Saturnino \u00e9 apoiada pelo Iberm\u00fasicas atrav\u00e9s das suas Ajudas \u00e0 Circula\u00e7\u00e3o do Sector Musical, chamada 2023.<\/p>\n<p>&nbsp;<\/p>\n<p>&nbsp;<\/p>\n<ul>\n<li>27 de agosto Conversa, \u201cCompositores Emergentes do M\u00e9xico\u201d. Sala Mar\u00eda Clara Vargas Cullel, Escola de Artes Musicais, Universidade da Costa Rica<\/li>\n<li>27 de agosto Concerto, \u201cCinco al Viento, Compositoras Emergentes de M\u00e9xico\u201d, Centro Cultural Montes de Oca, San Jos\u00e9, Costa Rica<\/li>\n<li>28 de agosto Master Class e debate, com o Quinteto Saturnino. Audit\u00f3rio das Artes, Universidade da Costa Rica<\/li>\n<li>29 de agosto Concerto, \u201cCinco al Viento, Compositoras Emergentes de M\u00e9xico\u201d, Sala Mar\u00eda Clara Vargas Cullel, Escola de Artes Musicais, Universidade da Costa Rica.<\/li>\n<li>30 de agosto Master Class, Quinteto Saturnino. Audit\u00f3rio de Artes, Universidade da Costa Rica<\/li>\n<li>31 de agosto Concerto, \u201cCinco al Viento, Compositoras Emergentes de M\u00e9xico\u201d. Escola do Campus Oeste da Universidade da Costa Rica<\/li>\n<li>2 de setembro Master Class, com o Quinteto Saturnino. Sala de Concertos do Campus Atl\u00e2ntico da Universidade da Costa Rica<\/li>\n<li>2 de setembro Concerto, \u201cCinco al Viento, Compositoras Emergentes de M\u00e9xico\u201d. Sala de Concertos do Campus Atl\u00e2ntico da Universidade da Costa Rica<\/li>\n<\/ul>\n","protected":false},"excerpt":{"rendered":"<p>O Quinteto Saturnino apresentar\u00e1 o seu \u00e1lbum \u201cCinco al Viento &#8211; Compositoras Emergentes de M\u00e9xico\u201d na Costa Rica. Este quinteto tem como objetivo divulgar a m\u00fasica escrita especialmente para este conjunto de flauta, obo\u00e9, clarinete, trompa e fagote, uma vez que o repert\u00f3rio \u00e9 muito extenso e pouco executado, abrangendo obras desde o per\u00edodo cl\u00e1ssico [&hellip;]<\/p>\n","protected":false},"author":7,"featured_media":19708,"comment_status":"closed","ping_status":"closed","sticky":false,"template":"","format":"standard","meta":{"footnotes":""},"categories":[218],"tags":[],"class_list":["post-19710","post","type-post","status-publish","format-standard","has-post-thumbnail","hentry","category-noticias-generales-pt"],"lang":"pt","translations":{"pt":19710,"es":19707},"pll_sync_post":[],"post_mailing_queue_ids":[],"_links":{"self":[{"href":"http:\/\/staging.ibermusicas.org\/index.php\/wp-json\/wp\/v2\/posts\/19710","targetHints":{"allow":["GET"]}}],"collection":[{"href":"http:\/\/staging.ibermusicas.org\/index.php\/wp-json\/wp\/v2\/posts"}],"about":[{"href":"http:\/\/staging.ibermusicas.org\/index.php\/wp-json\/wp\/v2\/types\/post"}],"author":[{"embeddable":true,"href":"http:\/\/staging.ibermusicas.org\/index.php\/wp-json\/wp\/v2\/users\/7"}],"replies":[{"embeddable":true,"href":"http:\/\/staging.ibermusicas.org\/index.php\/wp-json\/wp\/v2\/comments?post=19710"}],"version-history":[{"count":1,"href":"http:\/\/staging.ibermusicas.org\/index.php\/wp-json\/wp\/v2\/posts\/19710\/revisions"}],"predecessor-version":[{"id":19711,"href":"http:\/\/staging.ibermusicas.org\/index.php\/wp-json\/wp\/v2\/posts\/19710\/revisions\/19711"}],"wp:featuredmedia":[{"embeddable":true,"href":"http:\/\/staging.ibermusicas.org\/index.php\/wp-json\/wp\/v2\/media\/19708"}],"wp:attachment":[{"href":"http:\/\/staging.ibermusicas.org\/index.php\/wp-json\/wp\/v2\/media?parent=19710"}],"wp:term":[{"taxonomy":"category","embeddable":true,"href":"http:\/\/staging.ibermusicas.org\/index.php\/wp-json\/wp\/v2\/categories?post=19710"},{"taxonomy":"post_tag","embeddable":true,"href":"http:\/\/staging.ibermusicas.org\/index.php\/wp-json\/wp\/v2\/tags?post=19710"}],"curies":[{"name":"wp","href":"https:\/\/api.w.org\/{rel}","templated":true}]}}