{"id":19717,"date":"2024-08-13T14:45:54","date_gmt":"2024-08-13T14:45:54","guid":{"rendered":"http:\/\/staging.ibermusicas.org\/?p=19717"},"modified":"2024-08-30T17:41:42","modified_gmt":"2024-08-30T17:41:42","slug":"cantoamerica-presenta-tambores-de-resistencia-concierto-grabacion-de-disco-en-vivo-con-nuevo-repertorio-y-exposicion-de-archivos-visuales","status":"publish","type":"post","link":"http:\/\/staging.ibermusicas.org\/index.php\/cantoamerica-presenta-tambores-de-resistencia-concierto-grabacion-de-disco-en-vivo-con-nuevo-repertorio-y-exposicion-de-archivos-visuales\/","title":{"rendered":"Cantoam\u00e9rica presenta \u201cTambores de resistencia\u201d concierto grabaci\u00f3n de disco en vivo con nuevo repertorio y exposici\u00f3n de archivos visuales"},"content":{"rendered":"<p>En el marco del Mes Hist\u00f3rico de la Afrodescendencia en Costa Rica, el Teatro Espressivo, en coproducci\u00f3n con Kaiso Music CR y la agrupaci\u00f3n de m\u00fasica afrocostarricense Cantoam\u00e9rica, se unen a la celebraci\u00f3n de la herencia afro, con la presentaci\u00f3n y grabaci\u00f3n en vivo de su nuevo repertorio en el concierto \u201cTambores de resistencia\u201d, proyecto que cuenta con el apoyo de Iberm\u00fasicas.<\/p>\n<p>&nbsp;<\/p>\n<p>Cantoamerica\u00a0 es un grupo de larga trayectoria, que por d\u00e9cadas ha creado un repertorio que combina sonidos del Calypso Afrolimonense, con la Rumba, el Bolero, el Reggae, el Son y otros ritmos caribe\u00f1os al estilo propio de la agrupaci\u00f3n.<\/p>\n<p>&nbsp;<\/p>\n<p>Un proyecto musical con m\u00e1s de cuarenta a\u00f1os de creaci\u00f3n y producci\u00f3n autogestionada, de indagar, reconocer, compartir, promover, difundir y reivindicar los aportes de la cultura afro, limonense, multi\u00e9tnica, pluricultural e intercultural del pa\u00eds, promoviendo la solidaridad y el respeto a los derechos humanos y ambientales. Cuenta con canciones originales del compositor Manuel Monestel y arreglos musicales de canciones de grandes calypsonians realizados por integrantes de la agrupaci\u00f3n e invitados.<\/p>\n<p>&nbsp;<\/p>\n<p>Paralelamente y como parte de la Residencia Art\u00edstica en investigaci\u00f3n y preservaci\u00f3n del archivo sonoro, visual y audiovisual de la agrupaci\u00f3n de m\u00fasica afrocostarricense Cantoam\u00e9rica, como muestra de la trayectoria art\u00edstica de la agrupaci\u00f3n, se presentar\u00e1 una breve exposici\u00f3n de archivos visuales, gracias a las gestiones de Boa Viagem Producciones y el apoyo del Programa Iberm\u00fasicas.<\/p>\n<p>&nbsp;<\/p>\n<p>Integran Cantoam\u00e9rica: Manuel Monestel Ram\u00edrez, Direcci\u00f3n Art\u00edstica, Composici\u00f3n, Guitarra y Voz; Jeanna Guevara Rosales, Piano; Marvin Brenes Vargas, Bajo El\u00e9ctrico; Abigail Huertas S\u00e1nchez, Flauta Traversa y Coros; Carlos Mar\u00edn Segura, Tromb\u00f3n y Coros; Marisel Torres Matarrita, Tromb\u00f3n y Coros; David Gonz\u00e1lez Vargas, Percusi\u00f3n; Ernesto Gallardo Corrales, Percusi\u00f3n y Jose Antonio Valverde Uzaga, Percusi\u00f3n. Como invitados se presentar\u00e1n: Marco Naranjo S\u00e1nchez, Percusi\u00f3n; Hector Murillo, Piano; Wilson Arroyo, Voz: Laura L\u00f3pez, Coros; Karol Barboza, Coros y Doris Campbell Barr, Bailarina.<\/p>\n<p>&nbsp;<\/p>\n<p><em>Tambores de medianoche <\/em><\/p>\n<p><em>Tambores de resistencia <\/em><\/p>\n<p><em>desde el \u00c1frica profunda<\/em><\/p>\n<p><em>protegen nuestra existencia<\/em><\/p>\n<p><em>\u00a0<\/em><\/p>\n<ul>\n<li>Jueves 29 de agosto en Teatro Espressivo en Momentum Pinares Tres R\u00edos, Costa Rica<\/li>\n<\/ul>\n","protected":false},"excerpt":{"rendered":"<p>En el marco del Mes Hist\u00f3rico de la Afrodescendencia en Costa Rica, el Teatro Espressivo, en coproducci\u00f3n con Kaiso Music CR y la agrupaci\u00f3n de m\u00fasica afrocostarricense Cantoam\u00e9rica, se unen a la celebraci\u00f3n de la herencia afro, con la presentaci\u00f3n y grabaci\u00f3n en vivo de su nuevo repertorio en el concierto \u201cTambores de resistencia\u201d, proyecto [&hellip;]<\/p>\n","protected":false},"author":7,"featured_media":19718,"comment_status":"closed","ping_status":"closed","sticky":false,"template":"","format":"standard","meta":{"footnotes":""},"categories":[53],"tags":[],"class_list":["post-19717","post","type-post","status-publish","format-standard","has-post-thumbnail","hentry","category-noticias-generales"],"lang":"es","translations":{"es":19717,"pt":19720},"pll_sync_post":[],"post_mailing_queue_ids":[],"_links":{"self":[{"href":"http:\/\/staging.ibermusicas.org\/index.php\/wp-json\/wp\/v2\/posts\/19717","targetHints":{"allow":["GET"]}}],"collection":[{"href":"http:\/\/staging.ibermusicas.org\/index.php\/wp-json\/wp\/v2\/posts"}],"about":[{"href":"http:\/\/staging.ibermusicas.org\/index.php\/wp-json\/wp\/v2\/types\/post"}],"author":[{"embeddable":true,"href":"http:\/\/staging.ibermusicas.org\/index.php\/wp-json\/wp\/v2\/users\/7"}],"replies":[{"embeddable":true,"href":"http:\/\/staging.ibermusicas.org\/index.php\/wp-json\/wp\/v2\/comments?post=19717"}],"version-history":[{"count":1,"href":"http:\/\/staging.ibermusicas.org\/index.php\/wp-json\/wp\/v2\/posts\/19717\/revisions"}],"predecessor-version":[{"id":19719,"href":"http:\/\/staging.ibermusicas.org\/index.php\/wp-json\/wp\/v2\/posts\/19717\/revisions\/19719"}],"wp:featuredmedia":[{"embeddable":true,"href":"http:\/\/staging.ibermusicas.org\/index.php\/wp-json\/wp\/v2\/media\/19718"}],"wp:attachment":[{"href":"http:\/\/staging.ibermusicas.org\/index.php\/wp-json\/wp\/v2\/media?parent=19717"}],"wp:term":[{"taxonomy":"category","embeddable":true,"href":"http:\/\/staging.ibermusicas.org\/index.php\/wp-json\/wp\/v2\/categories?post=19717"},{"taxonomy":"post_tag","embeddable":true,"href":"http:\/\/staging.ibermusicas.org\/index.php\/wp-json\/wp\/v2\/tags?post=19717"}],"curies":[{"name":"wp","href":"https:\/\/api.w.org\/{rel}","templated":true}]}}