{"id":19720,"date":"2024-08-13T14:47:17","date_gmt":"2024-08-13T14:47:17","guid":{"rendered":"http:\/\/staging.ibermusicas.org\/?p=19720"},"modified":"2024-08-30T17:45:11","modified_gmt":"2024-08-30T17:45:11","slug":"cantoamerica-apresenta-o-concerto-tambores-de-resistencia-e-a-gravacao-de-um-album-ao-vivo-com-novo-repertorio-e-exposicao-de-arquivos-visuais","status":"publish","type":"post","link":"http:\/\/staging.ibermusicas.org\/index.php\/cantoamerica-apresenta-o-concerto-tambores-de-resistencia-e-a-gravacao-de-um-album-ao-vivo-com-novo-repertorio-e-exposicao-de-arquivos-visuais\/","title":{"rendered":"Cantoam\u00e9rica apresenta o concerto \u00abTambores de Resistencia\u00bb e a grava\u00e7\u00e3o de um \u00e1lbum ao vivo com novo repert\u00f3rio e exposi\u00e7\u00e3o de arquivos visuais"},"content":{"rendered":"<p>No \u00e2mbito do M\u00eas Hist\u00f3rico da Afrodescend\u00eancia na Costa Rica, o Teatro Espressivo, em coprodu\u00e7\u00e3o com a Kaiso Music CR e o grupo de m\u00fasica afro-costa-riquenha Cantoamerica, junta-se \u00e0 celebra\u00e7\u00e3o da heran\u00e7a afro, com a apresenta\u00e7\u00e3o e grava\u00e7\u00e3o ao vivo do seu novo repert\u00f3rio no concerto \u00abTambores de Resistencia\u00bb, projeto que conta com o apoio do Programa Iberm\u00fasicas.<\/p>\n<p>&nbsp;<\/p>\n<p>O Cantoamerica \u00e9 um grupo com uma longa trajet\u00f3ria, que ao longo de d\u00e9cadas criou um repert\u00f3rio que combina os sons do Calypso Afro-Caribenho, Rumba, Bolero, Reggae, Son e outros ritmos caribenhos no estilo pr\u00f3prio do grupo.<\/p>\n<p>&nbsp;<\/p>\n<p>Um projeto musical com mais de quarenta anos de cria\u00e7\u00e3o e produ\u00e7\u00e3o autogestion\u00e1ria, para investigar, reconhecer, partilhar, promover, divulgar e reivindicar os contributos da cultura afro, limonense, multi\u00e9tnica, pluricultural e intercultural do pa\u00eds, promovendo a solidariedade e o respeito pelos direitos humanos e ambientais. O espet\u00e1culo apresenta can\u00e7\u00f5es originais do compositor Manuel Monestel e arranjos musicais de can\u00e7\u00f5es de grandes cantores, por membros do grupo e convidados.<\/p>\n<p>&nbsp;<\/p>\n<p>&nbsp;<\/p>\n<p>Ao mesmo tempo, e como parte da Resid\u00eancia Art\u00edstica em pesquisa e preserva\u00e7\u00e3o dos arquivos sonoros, visuais e audiovisuais do grupo de m\u00fasica afro-costa-riquenha Cantoam\u00e9rica, como uma amostra da trajet\u00f3ria art\u00edstica do grupo, ser\u00e1 apresentada uma breve exposi\u00e7\u00e3o de arquivos visuais, gra\u00e7as aos esfor\u00e7os da Boa Viagem Producciones e ao apoio do Programa Iberm\u00fasicas.<\/p>\n<p>&nbsp;<\/p>\n<p>Os membros de Cantoam\u00e9rica s\u00e3o: Manuel Monestel Ram\u00edrez, Dire\u00e7\u00e3o Art\u00edstica, Composi\u00e7\u00e3o, Viol\u00e3o e Voz; Jeanna Guevara Rosales, Piano; Marvin Brenes Vargas, Baixo El\u00e9trico; Abigail Huertas S\u00e1nchez, Flauta e Coro; Carlos Mar\u00edn Segura, Trombone e Coro; Marisel Torres Matarrita, Trombone e Coro; David Gonz\u00e1lez Vargas, Percuss\u00e3o; Ernesto Gallardo Corrales, Percuss\u00e3o e Jose Antonio Valverde Uzaga, Percuss\u00e3o. Os artistas convidados ser\u00e3o: Marco Naranjo S\u00e1nchez, Percuss\u00e3o; Hector Murillo, Piano; Wilson Arroyo, Voz: Laura L\u00f3pez, Coros; Karol Barboza, Coros e Doris Campbell Barr, Dan\u00e7arina.<\/p>\n<p>&nbsp;<\/p>\n<p><em>Tambores da meia-noite <\/em><\/p>\n<p><em>Tambores de resist\u00eancia <\/em><\/p>\n<p><em>da \u00c1frica profunda<\/em><\/p>\n<p><em>proteger a nossa exist\u00eancia<\/em><\/p>\n<p>&nbsp;<\/p>\n<p>&nbsp;<\/p>\n<ul>\n<li>Quinta-feira, 29 de agosto, no Teatro Espressivo em Momentum Pinares Tres R\u00edos, Costa Rica<\/li>\n<\/ul>\n","protected":false},"excerpt":{"rendered":"<p>No \u00e2mbito do M\u00eas Hist\u00f3rico da Afrodescend\u00eancia na Costa Rica, o Teatro Espressivo, em coprodu\u00e7\u00e3o com a Kaiso Music CR e o grupo de m\u00fasica afro-costa-riquenha Cantoamerica, junta-se \u00e0 celebra\u00e7\u00e3o da heran\u00e7a afro, com a apresenta\u00e7\u00e3o e grava\u00e7\u00e3o ao vivo do seu novo repert\u00f3rio no concerto \u00abTambores de Resistencia\u00bb, projeto que conta com o apoio [&hellip;]<\/p>\n","protected":false},"author":7,"featured_media":19718,"comment_status":"closed","ping_status":"closed","sticky":false,"template":"","format":"standard","meta":{"footnotes":""},"categories":[218],"tags":[],"class_list":["post-19720","post","type-post","status-publish","format-standard","has-post-thumbnail","hentry","category-noticias-generales-pt"],"lang":"pt","translations":{"pt":19720,"es":19717},"pll_sync_post":[],"post_mailing_queue_ids":[],"_links":{"self":[{"href":"http:\/\/staging.ibermusicas.org\/index.php\/wp-json\/wp\/v2\/posts\/19720","targetHints":{"allow":["GET"]}}],"collection":[{"href":"http:\/\/staging.ibermusicas.org\/index.php\/wp-json\/wp\/v2\/posts"}],"about":[{"href":"http:\/\/staging.ibermusicas.org\/index.php\/wp-json\/wp\/v2\/types\/post"}],"author":[{"embeddable":true,"href":"http:\/\/staging.ibermusicas.org\/index.php\/wp-json\/wp\/v2\/users\/7"}],"replies":[{"embeddable":true,"href":"http:\/\/staging.ibermusicas.org\/index.php\/wp-json\/wp\/v2\/comments?post=19720"}],"version-history":[{"count":1,"href":"http:\/\/staging.ibermusicas.org\/index.php\/wp-json\/wp\/v2\/posts\/19720\/revisions"}],"predecessor-version":[{"id":19721,"href":"http:\/\/staging.ibermusicas.org\/index.php\/wp-json\/wp\/v2\/posts\/19720\/revisions\/19721"}],"wp:featuredmedia":[{"embeddable":true,"href":"http:\/\/staging.ibermusicas.org\/index.php\/wp-json\/wp\/v2\/media\/19718"}],"wp:attachment":[{"href":"http:\/\/staging.ibermusicas.org\/index.php\/wp-json\/wp\/v2\/media?parent=19720"}],"wp:term":[{"taxonomy":"category","embeddable":true,"href":"http:\/\/staging.ibermusicas.org\/index.php\/wp-json\/wp\/v2\/categories?post=19720"},{"taxonomy":"post_tag","embeddable":true,"href":"http:\/\/staging.ibermusicas.org\/index.php\/wp-json\/wp\/v2\/tags?post=19720"}],"curies":[{"name":"wp","href":"https:\/\/api.w.org\/{rel}","templated":true}]}}