{"id":19722,"date":"2024-08-13T14:53:23","date_gmt":"2024-08-13T14:53:23","guid":{"rendered":"http:\/\/staging.ibermusicas.org\/?p=19722"},"modified":"2024-08-30T17:41:57","modified_gmt":"2024-08-30T17:41:57","slug":"el-grupo-plurinacional-ayom-actuara-en-brasil","status":"publish","type":"post","link":"http:\/\/staging.ibermusicas.org\/index.php\/el-grupo-plurinacional-ayom-actuara-en-brasil\/","title":{"rendered":"El grupo plurinacional Ayom actuar\u00e1 en Brasil"},"content":{"rendered":"<p>Ayom son marineros musicales que cruzan el Atl\u00e1ntico Negro, de Angola a Brasil, con una especial identidad mediterr\u00e1nea. Ayom es una banda multicultural formada por seis miembros de Angola, Brasil, Grecia e Italia, con la cantante y percusionista Jabu Morales a la cabeza.<\/p>\n<p>&nbsp;<\/p>\n<p>El nombre Ayom hace referencia y venera al Dios de la M\u00fasica que en la mitolog\u00eda del candombl\u00e9 es la entidad que vive dentro del tambor y que ense\u00f1\u00f3 a la humanidad a tocar y cantar. Combinando y mezclando lenguas y ritmos de las culturas negras lus\u00f3fonas, Ayom ofrece un viaje espiritual y energ\u00e9tico a trav\u00e9s de la di\u00e1spora africana.<\/p>\n<p>&nbsp;<\/p>\n<p>La musicalidad es n\u00f3mada, profunda, provocadora y bailable, en ella conviven tradici\u00f3n y sincretismo, masculinidad y feminidad, poes\u00eda y energ\u00eda, alegr\u00eda y compromiso.<\/p>\n<p>&nbsp;<\/p>\n<p>Esta gira de Ayom cuenta con el apoyo de Iberm\u00fasicas mediante sus Ayudas a la Circulaci\u00f3n, convocatoria 2023.<\/p>\n<p>&nbsp;<\/p>\n<p>&nbsp;<\/p>\n<ul>\n<li>29 de agosto: Casa da Francisca, S\u00e3o Paulo, Brasil<\/li>\n<li>1 de septiembre: Festival Sensacional Celebra, Belo Horizonte, Brasil<\/li>\n<\/ul>\n","protected":false},"excerpt":{"rendered":"<p>Ayom son marineros musicales que cruzan el Atl\u00e1ntico Negro, de Angola a Brasil, con una especial identidad mediterr\u00e1nea. Ayom es una banda multicultural formada por seis miembros de Angola, Brasil, Grecia e Italia, con la cantante y percusionista Jabu Morales a la cabeza. &nbsp; El nombre Ayom hace referencia y venera al Dios de la [&hellip;]<\/p>\n","protected":false},"author":7,"featured_media":19723,"comment_status":"closed","ping_status":"closed","sticky":false,"template":"","format":"standard","meta":{"footnotes":""},"categories":[53],"tags":[],"class_list":["post-19722","post","type-post","status-publish","format-standard","has-post-thumbnail","hentry","category-noticias-generales"],"lang":"es","translations":{"es":19722,"pt":19725},"pll_sync_post":[],"post_mailing_queue_ids":[],"_links":{"self":[{"href":"http:\/\/staging.ibermusicas.org\/index.php\/wp-json\/wp\/v2\/posts\/19722","targetHints":{"allow":["GET"]}}],"collection":[{"href":"http:\/\/staging.ibermusicas.org\/index.php\/wp-json\/wp\/v2\/posts"}],"about":[{"href":"http:\/\/staging.ibermusicas.org\/index.php\/wp-json\/wp\/v2\/types\/post"}],"author":[{"embeddable":true,"href":"http:\/\/staging.ibermusicas.org\/index.php\/wp-json\/wp\/v2\/users\/7"}],"replies":[{"embeddable":true,"href":"http:\/\/staging.ibermusicas.org\/index.php\/wp-json\/wp\/v2\/comments?post=19722"}],"version-history":[{"count":1,"href":"http:\/\/staging.ibermusicas.org\/index.php\/wp-json\/wp\/v2\/posts\/19722\/revisions"}],"predecessor-version":[{"id":19724,"href":"http:\/\/staging.ibermusicas.org\/index.php\/wp-json\/wp\/v2\/posts\/19722\/revisions\/19724"}],"wp:featuredmedia":[{"embeddable":true,"href":"http:\/\/staging.ibermusicas.org\/index.php\/wp-json\/wp\/v2\/media\/19723"}],"wp:attachment":[{"href":"http:\/\/staging.ibermusicas.org\/index.php\/wp-json\/wp\/v2\/media?parent=19722"}],"wp:term":[{"taxonomy":"category","embeddable":true,"href":"http:\/\/staging.ibermusicas.org\/index.php\/wp-json\/wp\/v2\/categories?post=19722"},{"taxonomy":"post_tag","embeddable":true,"href":"http:\/\/staging.ibermusicas.org\/index.php\/wp-json\/wp\/v2\/tags?post=19722"}],"curies":[{"name":"wp","href":"https:\/\/api.w.org\/{rel}","templated":true}]}}