{"id":19725,"date":"2024-08-13T14:55:38","date_gmt":"2024-08-13T14:55:38","guid":{"rendered":"http:\/\/staging.ibermusicas.org\/?p=19725"},"modified":"2024-08-30T17:45:18","modified_gmt":"2024-08-30T17:45:18","slug":"o-grupo-plurinacional-ayom-se-apresentara-no-brasil","status":"publish","type":"post","link":"http:\/\/staging.ibermusicas.org\/index.php\/o-grupo-plurinacional-ayom-se-apresentara-no-brasil\/","title":{"rendered":"O grupo plurinacional Ayom se apresentar\u00e1 no Brasil"},"content":{"rendered":"<p>Ayom s\u00e3o navegantes musicais que atravessam o Atl\u00e2ntico Negro, desde Angola at\u00e9 ao Brasil, com uma identidade mediterr\u00e2nea especial. Ayom \u00e9 uma banda multicultural formada por 6 membros de Angola, Brasil, Gr\u00e9cia e It\u00e1lia com a cantora e percussionista Jabu Morales liderando.<\/p>\n<p>&nbsp;<\/p>\n<p>O nome Ayom faz refer\u00eancia e rever\u00eancia ao Deus da M\u00fasica que na mitologia do Candombl\u00e9 \u00e9 a entidade que vive dentro do tambor e que ensinou a humanidade a tocar e cantar. Combinando e misturando linguagens e ritmos das culturas negras lus\u00f3fonas, Ayom ofrece uma viagem espiritual e energ\u00e9tica pela di\u00e1spora africana.<\/p>\n<p>&nbsp;<\/p>\n<p>A musicalidade floresce n\u00f3mada, profunda, provocadora e dan\u00e7ante, onde coexistem tradi\u00e7\u00e3o e sincretismo, masculino e feminino, poesia e energia, alegria e engajamento.<\/p>\n<p>&nbsp;<\/p>\n<p>Esta digress\u00e3o de Ayom \u00e9 apoiada pelo Programa Iberm\u00fasicas atrav\u00e9s das Ajudas \u00e0 Circula\u00e7\u00e3o, chamadas 2023.<\/p>\n<p>&nbsp;<\/p>\n<ul>\n<li>29 de agosto: Casa da Francisca, S\u00e3o Paulo, Brasil<\/li>\n<li>1 de setembro: Festival Sensacional Celebra, Belo Horizonte, Brasil<\/li>\n<\/ul>\n","protected":false},"excerpt":{"rendered":"<p>Ayom s\u00e3o navegantes musicais que atravessam o Atl\u00e2ntico Negro, desde Angola at\u00e9 ao Brasil, com uma identidade mediterr\u00e2nea especial. Ayom \u00e9 uma banda multicultural formada por 6 membros de Angola, Brasil, Gr\u00e9cia e It\u00e1lia com a cantora e percussionista Jabu Morales liderando. &nbsp; O nome Ayom faz refer\u00eancia e rever\u00eancia ao Deus da M\u00fasica que [&hellip;]<\/p>\n","protected":false},"author":7,"featured_media":19723,"comment_status":"closed","ping_status":"closed","sticky":false,"template":"","format":"standard","meta":{"footnotes":""},"categories":[218],"tags":[],"class_list":["post-19725","post","type-post","status-publish","format-standard","has-post-thumbnail","hentry","category-noticias-generales-pt"],"lang":"pt","translations":{"pt":19725,"es":19722},"pll_sync_post":[],"post_mailing_queue_ids":[],"_links":{"self":[{"href":"http:\/\/staging.ibermusicas.org\/index.php\/wp-json\/wp\/v2\/posts\/19725","targetHints":{"allow":["GET"]}}],"collection":[{"href":"http:\/\/staging.ibermusicas.org\/index.php\/wp-json\/wp\/v2\/posts"}],"about":[{"href":"http:\/\/staging.ibermusicas.org\/index.php\/wp-json\/wp\/v2\/types\/post"}],"author":[{"embeddable":true,"href":"http:\/\/staging.ibermusicas.org\/index.php\/wp-json\/wp\/v2\/users\/7"}],"replies":[{"embeddable":true,"href":"http:\/\/staging.ibermusicas.org\/index.php\/wp-json\/wp\/v2\/comments?post=19725"}],"version-history":[{"count":1,"href":"http:\/\/staging.ibermusicas.org\/index.php\/wp-json\/wp\/v2\/posts\/19725\/revisions"}],"predecessor-version":[{"id":19726,"href":"http:\/\/staging.ibermusicas.org\/index.php\/wp-json\/wp\/v2\/posts\/19725\/revisions\/19726"}],"wp:featuredmedia":[{"embeddable":true,"href":"http:\/\/staging.ibermusicas.org\/index.php\/wp-json\/wp\/v2\/media\/19723"}],"wp:attachment":[{"href":"http:\/\/staging.ibermusicas.org\/index.php\/wp-json\/wp\/v2\/media?parent=19725"}],"wp:term":[{"taxonomy":"category","embeddable":true,"href":"http:\/\/staging.ibermusicas.org\/index.php\/wp-json\/wp\/v2\/categories?post=19725"},{"taxonomy":"post_tag","embeddable":true,"href":"http:\/\/staging.ibermusicas.org\/index.php\/wp-json\/wp\/v2\/tags?post=19725"}],"curies":[{"name":"wp","href":"https:\/\/api.w.org\/{rel}","templated":true}]}}