{"id":19727,"date":"2024-08-13T15:00:48","date_gmt":"2024-08-13T15:00:48","guid":{"rendered":"http:\/\/staging.ibermusicas.org\/?p=19727"},"modified":"2024-08-30T17:42:05","modified_gmt":"2024-08-30T17:42:05","slug":"la-agrupacion-mexicana-musas-ensamble-de-arpas-realizara-una-gira-por-colombia","status":"publish","type":"post","link":"http:\/\/staging.ibermusicas.org\/index.php\/la-agrupacion-mexicana-musas-ensamble-de-arpas-realizara-una-gira-por-colombia\/","title":{"rendered":"La agrupaci\u00f3n mexicana Musas Ensamble de Arpas realizar\u00e1 una gira por Colombia"},"content":{"rendered":"<p>Musas es un cuarteto femenino de arpas \u00fanico en su g\u00e9nero. Con su pasi\u00f3n por este instrumento, buscan expresar una variedad de g\u00e9neros, desde la m\u00fasica cl\u00e1sica hasta el pop y m\u00fasica tradicional latinoamericana. Su misi\u00f3n es difundir su cultura a trav\u00e9s de la m\u00fasica y crear experiencias esc\u00e9nicas inusuales para que m\u00e1s personas disfruten del arpa de pedales.<\/p>\n<p>&nbsp;<\/p>\n<p>Musas est\u00e1 integrado por Joana T\u00e9llez Sosa, Alejandra de Ita L\u00f3pez, Amalinalli Pichardo y Huitzi Cruz Moreno. Durante agosto y septiembre realizar\u00e1n una gira por Colombia ofreciendo conciertos, conversatorios y talleres. Ser\u00e1n parte de la programaci\u00f3n del Festival Maestros del Arpa.<\/p>\n<p>&nbsp;<\/p>\n<p>Maestros del Arpa es un festival que rinde tributo a los diferentes tipos de arpas del mundo, a trav\u00e9s de conciertos, talleres y conversatorios en Bogot\u00e1 D.C. Desde el a\u00f1o 2014 la corporaci\u00f3n \u201cLlano y joropo\u201d, dirigida por el maestro Hildo Ariel Aguirre Daza, inici\u00f3 este proyecto musical con el prop\u00f3sito de generar espacios que permitan visibilizar el talento de ni\u00f1os y j\u00f3venes int\u00e9rpretes del arpa llanera de la capital. Mediante este festival se ha invitado a\u00f1o con a\u00f1o a los grandes maestros del mundo con el fin de realizar diversas actividades que permitan tener un concepto m\u00e1s amplio de la dimensi\u00f3n de este instrumento milenario, de sus culturas y su distintas perspectivas.<\/p>\n<p>&nbsp;<\/p>\n<p>Esta gira de Musas Ensamble de Arpas se hace posible gracias al apoyo de Iberm\u00fasicas.<\/p>\n<p>&nbsp;<\/p>\n<p>&nbsp;<\/p>\n<ul>\n<li>Del 30 de agosto al 1 de septiembre Festival Maestros del Arpa, Colombia<\/li>\n<li>Del 2 al 7 de septiembre actividades acad\u00e9micas y culturales en el Conservatorio de M\u00fasica de la Universidad Nacional de Colombia<\/li>\n<\/ul>\n","protected":false},"excerpt":{"rendered":"<p>Musas es un cuarteto femenino de arpas \u00fanico en su g\u00e9nero. Con su pasi\u00f3n por este instrumento, buscan expresar una variedad de g\u00e9neros, desde la m\u00fasica cl\u00e1sica hasta el pop y m\u00fasica tradicional latinoamericana. Su misi\u00f3n es difundir su cultura a trav\u00e9s de la m\u00fasica y crear experiencias esc\u00e9nicas inusuales para que m\u00e1s personas disfruten [&hellip;]<\/p>\n","protected":false},"author":7,"featured_media":19728,"comment_status":"closed","ping_status":"closed","sticky":false,"template":"","format":"standard","meta":{"footnotes":""},"categories":[53],"tags":[],"class_list":["post-19727","post","type-post","status-publish","format-standard","has-post-thumbnail","hentry","category-noticias-generales"],"lang":"es","translations":{"es":19727,"pt":19730},"pll_sync_post":[],"post_mailing_queue_ids":[],"_links":{"self":[{"href":"http:\/\/staging.ibermusicas.org\/index.php\/wp-json\/wp\/v2\/posts\/19727","targetHints":{"allow":["GET"]}}],"collection":[{"href":"http:\/\/staging.ibermusicas.org\/index.php\/wp-json\/wp\/v2\/posts"}],"about":[{"href":"http:\/\/staging.ibermusicas.org\/index.php\/wp-json\/wp\/v2\/types\/post"}],"author":[{"embeddable":true,"href":"http:\/\/staging.ibermusicas.org\/index.php\/wp-json\/wp\/v2\/users\/7"}],"replies":[{"embeddable":true,"href":"http:\/\/staging.ibermusicas.org\/index.php\/wp-json\/wp\/v2\/comments?post=19727"}],"version-history":[{"count":1,"href":"http:\/\/staging.ibermusicas.org\/index.php\/wp-json\/wp\/v2\/posts\/19727\/revisions"}],"predecessor-version":[{"id":19729,"href":"http:\/\/staging.ibermusicas.org\/index.php\/wp-json\/wp\/v2\/posts\/19727\/revisions\/19729"}],"wp:featuredmedia":[{"embeddable":true,"href":"http:\/\/staging.ibermusicas.org\/index.php\/wp-json\/wp\/v2\/media\/19728"}],"wp:attachment":[{"href":"http:\/\/staging.ibermusicas.org\/index.php\/wp-json\/wp\/v2\/media?parent=19727"}],"wp:term":[{"taxonomy":"category","embeddable":true,"href":"http:\/\/staging.ibermusicas.org\/index.php\/wp-json\/wp\/v2\/categories?post=19727"},{"taxonomy":"post_tag","embeddable":true,"href":"http:\/\/staging.ibermusicas.org\/index.php\/wp-json\/wp\/v2\/tags?post=19727"}],"curies":[{"name":"wp","href":"https:\/\/api.w.org\/{rel}","templated":true}]}}