{"id":19730,"date":"2024-08-13T15:02:35","date_gmt":"2024-08-13T15:02:35","guid":{"rendered":"http:\/\/staging.ibermusicas.org\/?p=19730"},"modified":"2024-08-30T17:45:26","modified_gmt":"2024-08-30T17:45:26","slug":"o-grupo-mexicano-musas-ensamble-de-arpas-fara-uma-digressao-pela-colombia","status":"publish","type":"post","link":"http:\/\/staging.ibermusicas.org\/index.php\/o-grupo-mexicano-musas-ensamble-de-arpas-fara-uma-digressao-pela-colombia\/","title":{"rendered":"O grupo mexicano Musas Ensamble de Arpas far\u00e1 uma digress\u00e3o pela Col\u00f4mbia"},"content":{"rendered":"<p>Musas \u00e9 um quarteto de harpas feminino \u00fanico no seu estilo. Com a sua paix\u00e3o por este instrumento, procuram exprimir uma variedade de g\u00e9neros, desde a m\u00fasica cl\u00e1ssica \u00e0 pop e \u00e0 m\u00fasica tradicional latino-americana. A sua miss\u00e3o \u00e9 divulgar a sua cultura atrav\u00e9s da m\u00fasica e criar experi\u00eancias de palco invulgares para que mais pessoas possam apreciar a harpa de pedal.<\/p>\n<p>&nbsp;<\/p>\n<p>Musas \u00e9 formado por Joana T\u00e9llez Sosa, Alejandra de Ita L\u00f3pez, Amalinalli Pichardo e Huitzi Cruz Moreno. Durante os meses de agosto e setembro, far\u00e3o uma digress\u00e3o pela Col\u00f4mbia, oferecendo concertos, palestras e workshops. Far\u00e3o parte do programa do Festival Maestros del Arpa.<\/p>\n<p>&nbsp;<\/p>\n<p>Maestros del Arpa \u00e9 um festival que presta homenagem aos diferentes tipos de harpas do mundo, atrav\u00e9s de concertos, workshops e palestras em Bogot\u00e1 D.C. Desde 2014, a corpora\u00e7\u00e3o \u201cLlano y joropo\u201d, dirigida pelo maestro Hildo Ariel Aguirre Daza, iniciou este projeto musical com o objetivo de gerar espa\u00e7os que permitam tornar vis\u00edvel o talento das crian\u00e7as e jovens int\u00e9rpretes da harpa llanera na capital. Atrav\u00e9s deste festival, os grandes mestres do mundo t\u00eam sido convidados ano ap\u00f3s ano com o objetivo de realizar diversas actividades que permitam um conceito mais amplo da dimens\u00e3o deste instrumento milenar, das suas culturas e das suas diferentes perspectivas.<\/p>\n<p>&nbsp;<\/p>\n<p>Esta tourn\u00e9e das Musas Ensamble de Arpas \u00e9 poss\u00edvel gra\u00e7as ao apoio de Iberm\u00fasicas.<\/p>\n<p>&nbsp;<\/p>\n<ul>\n<li>30 de agosto a 1 de setembro Festival Maestros del Arpa, Col\u00f4mbia<\/li>\n<li>De 2 a 7 de setembro, actividades acad\u00e9micas e culturais no Conservat\u00f3rio de M\u00fasica da Universidade Nacional da Col\u00f4mbia<\/li>\n<\/ul>\n","protected":false},"excerpt":{"rendered":"<p>Musas \u00e9 um quarteto de harpas feminino \u00fanico no seu estilo. Com a sua paix\u00e3o por este instrumento, procuram exprimir uma variedade de g\u00e9neros, desde a m\u00fasica cl\u00e1ssica \u00e0 pop e \u00e0 m\u00fasica tradicional latino-americana. A sua miss\u00e3o \u00e9 divulgar a sua cultura atrav\u00e9s da m\u00fasica e criar experi\u00eancias de palco invulgares para que mais [&hellip;]<\/p>\n","protected":false},"author":7,"featured_media":19728,"comment_status":"closed","ping_status":"closed","sticky":false,"template":"","format":"standard","meta":{"footnotes":""},"categories":[218],"tags":[],"class_list":["post-19730","post","type-post","status-publish","format-standard","has-post-thumbnail","hentry","category-noticias-generales-pt"],"lang":"pt","translations":{"pt":19730,"es":19727},"pll_sync_post":[],"post_mailing_queue_ids":[],"_links":{"self":[{"href":"http:\/\/staging.ibermusicas.org\/index.php\/wp-json\/wp\/v2\/posts\/19730","targetHints":{"allow":["GET"]}}],"collection":[{"href":"http:\/\/staging.ibermusicas.org\/index.php\/wp-json\/wp\/v2\/posts"}],"about":[{"href":"http:\/\/staging.ibermusicas.org\/index.php\/wp-json\/wp\/v2\/types\/post"}],"author":[{"embeddable":true,"href":"http:\/\/staging.ibermusicas.org\/index.php\/wp-json\/wp\/v2\/users\/7"}],"replies":[{"embeddable":true,"href":"http:\/\/staging.ibermusicas.org\/index.php\/wp-json\/wp\/v2\/comments?post=19730"}],"version-history":[{"count":2,"href":"http:\/\/staging.ibermusicas.org\/index.php\/wp-json\/wp\/v2\/posts\/19730\/revisions"}],"predecessor-version":[{"id":19732,"href":"http:\/\/staging.ibermusicas.org\/index.php\/wp-json\/wp\/v2\/posts\/19730\/revisions\/19732"}],"wp:featuredmedia":[{"embeddable":true,"href":"http:\/\/staging.ibermusicas.org\/index.php\/wp-json\/wp\/v2\/media\/19728"}],"wp:attachment":[{"href":"http:\/\/staging.ibermusicas.org\/index.php\/wp-json\/wp\/v2\/media?parent=19730"}],"wp:term":[{"taxonomy":"category","embeddable":true,"href":"http:\/\/staging.ibermusicas.org\/index.php\/wp-json\/wp\/v2\/categories?post=19730"},{"taxonomy":"post_tag","embeddable":true,"href":"http:\/\/staging.ibermusicas.org\/index.php\/wp-json\/wp\/v2\/tags?post=19730"}],"curies":[{"name":"wp","href":"https:\/\/api.w.org\/{rel}","templated":true}]}}