{"id":19798,"date":"2024-08-28T18:09:13","date_gmt":"2024-08-28T18:09:13","guid":{"rendered":"http:\/\/staging.ibermusicas.org\/?p=19798"},"modified":"2024-09-06T14:08:02","modified_gmt":"2024-09-06T14:08:02","slug":"el-programa-ibermusicas-invita-a-un-nuevo-encuentro-abierto-con-su-unidad-tecnica-3","status":"publish","type":"post","link":"http:\/\/staging.ibermusicas.org\/index.php\/el-programa-ibermusicas-invita-a-un-nuevo-encuentro-abierto-con-su-unidad-tecnica-3\/","title":{"rendered":"El Programa Iberm\u00fasicas invita a un nuevo encuentro abierto con su Unidad T\u00e9cnica"},"content":{"rendered":"<p>Con el \u00e1nimo de democratizar a\u00fan m\u00e1s el acceso a nuestras convocatorias, Iberm\u00fasicas propone un encuentro virtual con la Unidad T\u00e9cnica del Programa. Ser\u00e1 un encuentro destinado a todas y todas los participantes que quieran sumarse.<\/p>\n<p>&nbsp;<\/p>\n<p>En este encuentro se abordar\u00e1n aspectos pr\u00e1cticos sobre cada una de las convocatorias 2024 para actividades 2025 y se compartir\u00e1n detalles y recomendaciones para ser aplicadas al momento de dise\u00f1ar y presentar los proyectos.<\/p>\n<p>&nbsp;<\/p>\n<p>Habr\u00e1 tres encuentros, uno destinado a los pa\u00edses de habla hispana, otro para los pa\u00edses de lengua portuguesa y un tercero, tambi\u00e9n en portugu\u00e9s en el cual se abordar\u00e1 especialmente la convocatoria \u00abViajes por la m\u00fasica en Lengua Portuguesa\u00bb destinada a los pa\u00edses de la CPLP (Comunidad de Pa\u00edses de L\u00edngua Portuguesa).<\/p>\n<p>&nbsp;<\/p>\n<p>Lunes 2 de septiembre<\/p>\n<p>&nbsp;<\/p>\n<ul>\n<li>10h CR, MX,<\/li>\n<li>11h COL, EC, PAN, PER<\/li>\n<li>12h CHI, CUB, PAR, VZ<\/li>\n<li>13h ARG, URU<\/li>\n<li>18h ESP<\/li>\n<\/ul>\n<p>&nbsp;<\/p>\n<p>meet.jit.si\/Consejointergubernamentalibermusicas<\/p>\n","protected":false},"excerpt":{"rendered":"<p>Con el \u00e1nimo de democratizar a\u00fan m\u00e1s el acceso a nuestras convocatorias, Iberm\u00fasicas propone un encuentro virtual con la Unidad T\u00e9cnica del Programa. Ser\u00e1 un encuentro destinado a todas y todas los participantes que quieran sumarse. &nbsp; En este encuentro se abordar\u00e1n aspectos pr\u00e1cticos sobre cada una de las convocatorias 2024 para actividades 2025 y [&hellip;]<\/p>\n","protected":false},"author":7,"featured_media":19799,"comment_status":"closed","ping_status":"closed","sticky":false,"template":"","format":"standard","meta":{"footnotes":""},"categories":[53],"tags":[],"class_list":["post-19798","post","type-post","status-publish","format-standard","has-post-thumbnail","hentry","category-noticias-generales"],"lang":"es","translations":{"es":19798},"pll_sync_post":[],"post_mailing_queue_ids":[],"_links":{"self":[{"href":"http:\/\/staging.ibermusicas.org\/index.php\/wp-json\/wp\/v2\/posts\/19798","targetHints":{"allow":["GET"]}}],"collection":[{"href":"http:\/\/staging.ibermusicas.org\/index.php\/wp-json\/wp\/v2\/posts"}],"about":[{"href":"http:\/\/staging.ibermusicas.org\/index.php\/wp-json\/wp\/v2\/types\/post"}],"author":[{"embeddable":true,"href":"http:\/\/staging.ibermusicas.org\/index.php\/wp-json\/wp\/v2\/users\/7"}],"replies":[{"embeddable":true,"href":"http:\/\/staging.ibermusicas.org\/index.php\/wp-json\/wp\/v2\/comments?post=19798"}],"version-history":[{"count":1,"href":"http:\/\/staging.ibermusicas.org\/index.php\/wp-json\/wp\/v2\/posts\/19798\/revisions"}],"predecessor-version":[{"id":19800,"href":"http:\/\/staging.ibermusicas.org\/index.php\/wp-json\/wp\/v2\/posts\/19798\/revisions\/19800"}],"wp:featuredmedia":[{"embeddable":true,"href":"http:\/\/staging.ibermusicas.org\/index.php\/wp-json\/wp\/v2\/media\/19799"}],"wp:attachment":[{"href":"http:\/\/staging.ibermusicas.org\/index.php\/wp-json\/wp\/v2\/media?parent=19798"}],"wp:term":[{"taxonomy":"category","embeddable":true,"href":"http:\/\/staging.ibermusicas.org\/index.php\/wp-json\/wp\/v2\/categories?post=19798"},{"taxonomy":"post_tag","embeddable":true,"href":"http:\/\/staging.ibermusicas.org\/index.php\/wp-json\/wp\/v2\/tags?post=19798"}],"curies":[{"name":"wp","href":"https:\/\/api.w.org\/{rel}","templated":true}]}}