{"id":19811,"date":"2024-08-28T18:20:30","date_gmt":"2024-08-28T18:20:30","guid":{"rendered":"http:\/\/staging.ibermusicas.org\/?p=19811"},"modified":"2024-09-30T14:04:31","modified_gmt":"2024-09-30T14:04:31","slug":"timor-oriental-y-viajes-por-la-musica-en-lengua-portuguesa","status":"publish","type":"post","link":"http:\/\/staging.ibermusicas.org\/index.php\/timor-oriental-y-viajes-por-la-musica-en-lengua-portuguesa\/","title":{"rendered":"Timor Oriental y \u201cViajes por la M\u00fasica en Lengua Portuguesa\u201d"},"content":{"rendered":"<p>El d\u00eda 19 de agosto se llev\u00f3 a cabo, a pedido del Ministerio de Juventud, Deporte, Arte y Cultura de Timor Oriental, una reuni\u00f3n virtual de socializaci\u00f3n y esclarecimiento sobre la convocatoria especial \u201cViajes por la M\u00fasica en Lengua Portuguesa\u201d. La exposici\u00f3n estuvo a cargo de la Unidad T\u00e9cnica Iberm\u00fasicas y participaron autoridades gubernamentales, m\u00fasicas, m\u00fasicos y gestoras y gestores culturales de Timor Oriental.<\/p>\n<p>&nbsp;<\/p>\n<p>\u201cViajes por la M\u00fasica en Lengua Portuguesa\u201d es una iniciativa del Programa Iberm\u00fasicas en estrecha colaboraci\u00f3n con la DGArtes de Portugal, la FUNARTE de Brasil y la CPLP (Comunidade de Pa\u00edses de L\u00edngua Portuguesa) que procura crear puentes de comunicaci\u00f3n art\u00edstica entre todos los pa\u00edses de lengua oficial portuguesa.<\/p>\n<p>&nbsp;<\/p>\n<p>Esta convocatoria est\u00e1 especialmente dedicada a propuestas provenientes de Angola, Cabo Verde, Guinea Bissau, Guinea Ecuatorial, Mozambique, Santo Tom\u00e9 y Pr\u00edncipe y Timor Oriental.<\/p>\n<p>&nbsp;<\/p>\n<p>El inter\u00e9s manifestado por el sector gubernamental y art\u00edstico de Timor Oriental se\u00f1ala la gran expectativa que esta nueva convocatoria ha generado en los pa\u00edses de lengua portuguesa. Se abren nuevos horizontes que involucran a nueve naciones de cuatro continentes.<\/p>\n","protected":false},"excerpt":{"rendered":"<p>El d\u00eda 19 de agosto se llev\u00f3 a cabo, a pedido del Ministerio de Juventud, Deporte, Arte y Cultura de Timor Oriental, una reuni\u00f3n virtual de socializaci\u00f3n y esclarecimiento sobre la convocatoria especial \u201cViajes por la M\u00fasica en Lengua Portuguesa\u201d. La exposici\u00f3n estuvo a cargo de la Unidad T\u00e9cnica Iberm\u00fasicas y participaron autoridades gubernamentales, m\u00fasicas, [&hellip;]<\/p>\n","protected":false},"author":7,"featured_media":19824,"comment_status":"closed","ping_status":"closed","sticky":false,"template":"","format":"standard","meta":{"footnotes":""},"categories":[53],"tags":[],"class_list":["post-19811","post","type-post","status-publish","format-standard","has-post-thumbnail","hentry","category-noticias-generales"],"lang":"es","translations":{"es":19811,"pt":19814},"pll_sync_post":[],"post_mailing_queue_ids":[],"_links":{"self":[{"href":"http:\/\/staging.ibermusicas.org\/index.php\/wp-json\/wp\/v2\/posts\/19811","targetHints":{"allow":["GET"]}}],"collection":[{"href":"http:\/\/staging.ibermusicas.org\/index.php\/wp-json\/wp\/v2\/posts"}],"about":[{"href":"http:\/\/staging.ibermusicas.org\/index.php\/wp-json\/wp\/v2\/types\/post"}],"author":[{"embeddable":true,"href":"http:\/\/staging.ibermusicas.org\/index.php\/wp-json\/wp\/v2\/users\/7"}],"replies":[{"embeddable":true,"href":"http:\/\/staging.ibermusicas.org\/index.php\/wp-json\/wp\/v2\/comments?post=19811"}],"version-history":[{"count":1,"href":"http:\/\/staging.ibermusicas.org\/index.php\/wp-json\/wp\/v2\/posts\/19811\/revisions"}],"predecessor-version":[{"id":19813,"href":"http:\/\/staging.ibermusicas.org\/index.php\/wp-json\/wp\/v2\/posts\/19811\/revisions\/19813"}],"wp:featuredmedia":[{"embeddable":true,"href":"http:\/\/staging.ibermusicas.org\/index.php\/wp-json\/wp\/v2\/media\/19824"}],"wp:attachment":[{"href":"http:\/\/staging.ibermusicas.org\/index.php\/wp-json\/wp\/v2\/media?parent=19811"}],"wp:term":[{"taxonomy":"category","embeddable":true,"href":"http:\/\/staging.ibermusicas.org\/index.php\/wp-json\/wp\/v2\/categories?post=19811"},{"taxonomy":"post_tag","embeddable":true,"href":"http:\/\/staging.ibermusicas.org\/index.php\/wp-json\/wp\/v2\/tags?post=19811"}],"curies":[{"name":"wp","href":"https:\/\/api.w.org\/{rel}","templated":true}]}}