{"id":19814,"date":"2024-08-28T18:22:54","date_gmt":"2024-08-28T18:22:54","guid":{"rendered":"http:\/\/staging.ibermusicas.org\/?p=19814"},"modified":"2024-09-30T13:52:13","modified_gmt":"2024-09-30T13:52:13","slug":"timor-leste-e-viagens-pela-musica-em-lingua-portuguesa","status":"publish","type":"post","link":"http:\/\/staging.ibermusicas.org\/index.php\/timor-leste-e-viagens-pela-musica-em-lingua-portuguesa\/","title":{"rendered":"Timor-Leste e \u201cViagens pela m\u00fasica em L\u00edngua Portuguesa\u201d"},"content":{"rendered":"<p>No dia 19 de agosto, a pedido do Minist\u00e9rio da Juventude, Desporto, Arte e Cultura de Timor-Leste, realizou-se um encontro virtual para socializa\u00e7\u00e3o e esclarecimento da convocat\u00f3ria especial \u201cViagens pela m\u00fasica em L\u00edngua Portuguesa\u201d. A apresenta\u00e7\u00e3o foi feita pela Unidade T\u00e9cnica do Programa Iberm\u00fasicas e contou com a presen\u00e7a de autoridades governamentais, m\u00fasicos, musicas e gestores culturais de Timor-Leste.<\/p>\n<p>&nbsp;<\/p>\n<p>\u201cViagens pela M\u00fasica na L\u00edngua Portuguesa\u201d \u00e9 uma iniciativa do Programa Iberm\u00fasicas em estreita colabora\u00e7\u00e3o com a DGArtes de Portugal, a FUNARTE do Brasil e a CPLP (Comunidade de Pa\u00edses de L\u00edngua Portuguesa) que visa criar pontes de comunica\u00e7\u00e3o art\u00edstica entre todos os pa\u00edses de l\u00edngua oficial portuguesa.<\/p>\n<p>&nbsp;<\/p>\n<p>Esta convocat\u00f3ria \u00e9 especialmente dedicada a propostas de Angola, Cabo Verde, Guin\u00e9-Bissau, Guin\u00e9 Equatorial, Mo\u00e7ambique, S\u00e3o Tom\u00e9 e Pr\u00edncipe e Timor-Leste.<\/p>\n<p>&nbsp;<\/p>\n<p>O interesse demonstrado pelo sector governamental e art\u00edstico de Timor-Leste \u00e9 revelador da grande expectativa que este novo concurso tem gerado nos pa\u00edses de l\u00edngua portuguesa. Abrem-se novos horizontes envolvendo nove na\u00e7\u00f5es de quatro continentes.<\/p>\n","protected":false},"excerpt":{"rendered":"<p>No dia 19 de agosto, a pedido do Minist\u00e9rio da Juventude, Desporto, Arte e Cultura de Timor-Leste, realizou-se um encontro virtual para socializa\u00e7\u00e3o e esclarecimento da convocat\u00f3ria especial \u201cViagens pela m\u00fasica em L\u00edngua Portuguesa\u201d. A apresenta\u00e7\u00e3o foi feita pela Unidade T\u00e9cnica do Programa Iberm\u00fasicas e contou com a presen\u00e7a de autoridades governamentais, m\u00fasicos, musicas e [&hellip;]<\/p>\n","protected":false},"author":7,"featured_media":19825,"comment_status":"closed","ping_status":"closed","sticky":false,"template":"","format":"standard","meta":{"footnotes":""},"categories":[218],"tags":[],"class_list":["post-19814","post","type-post","status-publish","format-standard","has-post-thumbnail","hentry","category-noticias-generales-pt"],"lang":"pt","translations":{"pt":19814,"es":19811},"pll_sync_post":[],"post_mailing_queue_ids":[],"_links":{"self":[{"href":"http:\/\/staging.ibermusicas.org\/index.php\/wp-json\/wp\/v2\/posts\/19814","targetHints":{"allow":["GET"]}}],"collection":[{"href":"http:\/\/staging.ibermusicas.org\/index.php\/wp-json\/wp\/v2\/posts"}],"about":[{"href":"http:\/\/staging.ibermusicas.org\/index.php\/wp-json\/wp\/v2\/types\/post"}],"author":[{"embeddable":true,"href":"http:\/\/staging.ibermusicas.org\/index.php\/wp-json\/wp\/v2\/users\/7"}],"replies":[{"embeddable":true,"href":"http:\/\/staging.ibermusicas.org\/index.php\/wp-json\/wp\/v2\/comments?post=19814"}],"version-history":[{"count":1,"href":"http:\/\/staging.ibermusicas.org\/index.php\/wp-json\/wp\/v2\/posts\/19814\/revisions"}],"predecessor-version":[{"id":19815,"href":"http:\/\/staging.ibermusicas.org\/index.php\/wp-json\/wp\/v2\/posts\/19814\/revisions\/19815"}],"wp:featuredmedia":[{"embeddable":true,"href":"http:\/\/staging.ibermusicas.org\/index.php\/wp-json\/wp\/v2\/media\/19825"}],"wp:attachment":[{"href":"http:\/\/staging.ibermusicas.org\/index.php\/wp-json\/wp\/v2\/media?parent=19814"}],"wp:term":[{"taxonomy":"category","embeddable":true,"href":"http:\/\/staging.ibermusicas.org\/index.php\/wp-json\/wp\/v2\/categories?post=19814"},{"taxonomy":"post_tag","embeddable":true,"href":"http:\/\/staging.ibermusicas.org\/index.php\/wp-json\/wp\/v2\/tags?post=19814"}],"curies":[{"name":"wp","href":"https:\/\/api.w.org\/{rel}","templated":true}]}}