{"id":19826,"date":"2024-08-29T18:42:28","date_gmt":"2024-08-29T18:42:28","guid":{"rendered":"http:\/\/staging.ibermusicas.org\/?p=19826"},"modified":"2024-11-13T14:57:28","modified_gmt":"2024-11-13T14:57:28","slug":"ibermusicas-anuncia-la-apertura-del-premio-colombia-en-el-mundo","status":"publish","type":"post","link":"http:\/\/staging.ibermusicas.org\/index.php\/ibermusicas-anuncia-la-apertura-del-premio-colombia-en-el-mundo\/","title":{"rendered":"Restan pocos d\u00edas para la fecha de cierre del \u201cPremio Colombia en el mundo\u201d"},"content":{"rendered":"<p>Con el \u00e1nimo de reconocer el m\u00e9rito de iniciativas o espacios que se vienen dedicando, a lo largo de los a\u00f1os, a la difusi\u00f3n de la m\u00fasica colombiana en el espacio iberoamericano y en todo el mundo, se propone esta convocatoria especialmente creada desde Colombia.<\/p>\n<p>El objeto del presente concurso es la concesi\u00f3n de premios de 8.000 USD a emprendimientos que se destaquen por la contribuci\u00f3n dada en su trayectoria a la difusi\u00f3n de las m\u00fasicas colombianas fuera del territorio nacional y que presenten proyectos que fortalezcan y faciliten la visibilizaci\u00f3n de las m\u00fasicas de Colombia en el Mundo. Se reconocer\u00e1n proyectos que fortalezcan v\u00ednculos entre agentes, as\u00ed como el trabajo en red.<\/p>\n<p>Los proyectos podr\u00e1n ser presentados dentro de tres categor\u00edas:<\/p>\n<p>a) Categor\u00eda A &#8211; Festivales de m\u00fasica<br \/>\nb) Categor\u00eda B &#8211; Casas de espect\u00e1culo<br \/>\nc) Categor\u00eda C &#8211; Investigaci\u00f3n &#8211; Investigaci\u00f3n creaci\u00f3n<\/p>\n<p>Estas iniciativas deber\u00e1n acompa\u00f1ar su postulaci\u00f3n con una propuesta que busque fortalecer y promover la circulaci\u00f3n de las y los artistas colombianos.<\/p>\n<p>Se podr\u00e1n presentar candidaturas desde el lunes 2 de septiembre hasta el lunes 1ero de noviembre.<\/p>\n<p>\u25cf M\u00e1s informaci\u00f3n a partir del 2 de septiembre en:\u00a0<a href=\"http:\/\/staging.ibermusicas.org\/index.php\/convocatorias\/\" target=\"_blank\" rel=\"noopener\">staging.ibermusicas.org<\/a><\/p>\n","protected":false},"excerpt":{"rendered":"<p>Con el \u00e1nimo de reconocer el m\u00e9rito de iniciativas o espacios que se vienen dedicando, a lo largo de los a\u00f1os, a la difusi\u00f3n de la m\u00fasica colombiana en el espacio iberoamericano y en todo el mundo, se propone esta convocatoria especialmente creada desde Colombia. El objeto del presente concurso es la concesi\u00f3n de premios [&hellip;]<\/p>\n","protected":false},"author":7,"featured_media":19827,"comment_status":"closed","ping_status":"closed","sticky":false,"template":"","format":"standard","meta":{"footnotes":""},"categories":[53],"tags":[],"class_list":["post-19826","post","type-post","status-publish","format-standard","has-post-thumbnail","hentry","category-noticias-generales"],"lang":"es","translations":{"es":19826,"pt":19829},"pll_sync_post":[],"post_mailing_queue_ids":[],"_links":{"self":[{"href":"http:\/\/staging.ibermusicas.org\/index.php\/wp-json\/wp\/v2\/posts\/19826","targetHints":{"allow":["GET"]}}],"collection":[{"href":"http:\/\/staging.ibermusicas.org\/index.php\/wp-json\/wp\/v2\/posts"}],"about":[{"href":"http:\/\/staging.ibermusicas.org\/index.php\/wp-json\/wp\/v2\/types\/post"}],"author":[{"embeddable":true,"href":"http:\/\/staging.ibermusicas.org\/index.php\/wp-json\/wp\/v2\/users\/7"}],"replies":[{"embeddable":true,"href":"http:\/\/staging.ibermusicas.org\/index.php\/wp-json\/wp\/v2\/comments?post=19826"}],"version-history":[{"count":2,"href":"http:\/\/staging.ibermusicas.org\/index.php\/wp-json\/wp\/v2\/posts\/19826\/revisions"}],"predecessor-version":[{"id":20447,"href":"http:\/\/staging.ibermusicas.org\/index.php\/wp-json\/wp\/v2\/posts\/19826\/revisions\/20447"}],"wp:featuredmedia":[{"embeddable":true,"href":"http:\/\/staging.ibermusicas.org\/index.php\/wp-json\/wp\/v2\/media\/19827"}],"wp:attachment":[{"href":"http:\/\/staging.ibermusicas.org\/index.php\/wp-json\/wp\/v2\/media?parent=19826"}],"wp:term":[{"taxonomy":"category","embeddable":true,"href":"http:\/\/staging.ibermusicas.org\/index.php\/wp-json\/wp\/v2\/categories?post=19826"},{"taxonomy":"post_tag","embeddable":true,"href":"http:\/\/staging.ibermusicas.org\/index.php\/wp-json\/wp\/v2\/tags?post=19826"}],"curies":[{"name":"wp","href":"https:\/\/api.w.org\/{rel}","templated":true}]}}