{"id":19829,"date":"2024-08-29T18:44:37","date_gmt":"2024-08-29T18:44:37","guid":{"rendered":"http:\/\/staging.ibermusicas.org\/?p=19829"},"modified":"2024-11-13T14:56:53","modified_gmt":"2024-11-13T14:56:53","slug":"ibermusicas-anuncia-a-abertura-do-premio-colombia-no-mundo","status":"publish","type":"post","link":"http:\/\/staging.ibermusicas.org\/index.php\/ibermusicas-anuncia-a-abertura-do-premio-colombia-no-mundo\/","title":{"rendered":"Faltam poucos dias para o encerramento do \u201cPr\u00eamio Col\u00f4mbia no mundo\u201d"},"content":{"rendered":"<p>Com o objetivo de reconhecer o m\u00e9rito de iniciativas ou espa\u00e7os que se dedicaram, ao longo dos anos, \u00e0 divulga\u00e7\u00e3o da m\u00fasica colombiana no espa\u00e7o ibero-americano e em todo o mundo, prop\u00f5e-se esta convocat\u00f3ria especialmente criada a partir da Col\u00f4mbia.<\/p>\n<p>O objetivo deste concurso \u00e9 conceder pr\u00eamios de 8.000 d\u00f3lares a iniciativas que se destaquem pela contribui\u00e7\u00e3o em sua carreira para a divulga\u00e7\u00e3o da m\u00fasica colombiana fora do territ\u00f3rio nacional e que apresentem projetos que fortale\u00e7am e facilitem a visibilidade da m\u00fasica colombiana na no mundo. Ser\u00e3o reconhecidos projetos que fortale\u00e7am v\u00ednculos entre agentes, bem como networking.<\/p>\n<p>Os projetos poder\u00e3o ser apresentados em tr\u00eas categorias:<\/p>\n<p>a) Categoria A \u2013 Festivais de m\u00fasica<br \/>\nb) Categoria B \u2013 Casas de exposi\u00e7\u00e3o<br \/>\nc) Categoria C \u2013 Pesquisa \u2013 Pesquisa de cria\u00e7\u00e3o<\/p>\n<p>Estas iniciativas dever\u00e3o acompanhar a sua candidatura com uma proposta que busque fortalecer e promover a circula\u00e7\u00e3o de artistas colombianos.<\/p>\n<p>As inscri\u00e7\u00f5es podem ser enviadas de segunda-feira, 2 de setembro, a segunda-feira, 1\u00ba de novembro.<\/p>\n<p>\u25cf Mais informa\u00e7\u00e3o a partir do 2 de setembro em:\u00a0<a href=\"http:\/\/staging.ibermusicas.org\/index.php\/convocatorias-pt\/\" target=\"_blank\" rel=\"noopener\">staging.ibermusicas.org<\/a><\/p>\n","protected":false},"excerpt":{"rendered":"<p>Com o objetivo de reconhecer o m\u00e9rito de iniciativas ou espa\u00e7os que se dedicaram, ao longo dos anos, \u00e0 divulga\u00e7\u00e3o da m\u00fasica colombiana no espa\u00e7o ibero-americano e em todo o mundo, prop\u00f5e-se esta convocat\u00f3ria especialmente criada a partir da Col\u00f4mbia. O objetivo deste concurso \u00e9 conceder pr\u00eamios de 8.000 d\u00f3lares a iniciativas que se destaquem [&hellip;]<\/p>\n","protected":false},"author":7,"featured_media":19830,"comment_status":"closed","ping_status":"closed","sticky":false,"template":"","format":"standard","meta":{"footnotes":""},"categories":[218],"tags":[],"class_list":["post-19829","post","type-post","status-publish","format-standard","has-post-thumbnail","hentry","category-noticias-generales-pt"],"lang":"pt","translations":{"pt":19829,"es":19826},"pll_sync_post":[],"post_mailing_queue_ids":[],"_links":{"self":[{"href":"http:\/\/staging.ibermusicas.org\/index.php\/wp-json\/wp\/v2\/posts\/19829","targetHints":{"allow":["GET"]}}],"collection":[{"href":"http:\/\/staging.ibermusicas.org\/index.php\/wp-json\/wp\/v2\/posts"}],"about":[{"href":"http:\/\/staging.ibermusicas.org\/index.php\/wp-json\/wp\/v2\/types\/post"}],"author":[{"embeddable":true,"href":"http:\/\/staging.ibermusicas.org\/index.php\/wp-json\/wp\/v2\/users\/7"}],"replies":[{"embeddable":true,"href":"http:\/\/staging.ibermusicas.org\/index.php\/wp-json\/wp\/v2\/comments?post=19829"}],"version-history":[{"count":2,"href":"http:\/\/staging.ibermusicas.org\/index.php\/wp-json\/wp\/v2\/posts\/19829\/revisions"}],"predecessor-version":[{"id":20448,"href":"http:\/\/staging.ibermusicas.org\/index.php\/wp-json\/wp\/v2\/posts\/19829\/revisions\/20448"}],"wp:featuredmedia":[{"embeddable":true,"href":"http:\/\/staging.ibermusicas.org\/index.php\/wp-json\/wp\/v2\/media\/19830"}],"wp:attachment":[{"href":"http:\/\/staging.ibermusicas.org\/index.php\/wp-json\/wp\/v2\/media?parent=19829"}],"wp:term":[{"taxonomy":"category","embeddable":true,"href":"http:\/\/staging.ibermusicas.org\/index.php\/wp-json\/wp\/v2\/categories?post=19829"},{"taxonomy":"post_tag","embeddable":true,"href":"http:\/\/staging.ibermusicas.org\/index.php\/wp-json\/wp\/v2\/tags?post=19829"}],"curies":[{"name":"wp","href":"https:\/\/api.w.org\/{rel}","templated":true}]}}