{"id":19835,"date":"2024-08-29T18:48:47","date_gmt":"2024-08-29T18:48:47","guid":{"rendered":"http:\/\/staging.ibermusicas.org\/?p=19835"},"modified":"2025-03-27T17:58:19","modified_gmt":"2025-03-27T17:58:19","slug":"ibermusicas-anuncia-o-lancamento-de-seu-catalogo-ibero-americano-de-partituras","status":"publish","type":"post","link":"http:\/\/staging.ibermusicas.org\/index.php\/ibermusicas-anuncia-o-lancamento-de-seu-catalogo-ibero-americano-de-partituras\/","title":{"rendered":"Iberm\u00fasicas anuncia o lan\u00e7amento de seu Cat\u00e1logo Ibero-americano de Partituras"},"content":{"rendered":"<p>O Cat\u00e1logo Ibero-Americano de Partituras \u00e9 uma janela que se abre ao mundo para divulgar as obras da regi\u00e3o. A sua miss\u00e3o \u00e9 tornar-se uma pe\u00e7a fundamental para a divulga\u00e7\u00e3o da m\u00fasica escrita ibero-americana com o objectivo de promover a execu\u00e7\u00e3o das obras dos nossos compositores de todos os tempos, desde os primeiros registros at\u00e9 aos dias de hoje e assim democratizar a possibilidade de carregamento de obras atrav\u00e9s de um sistema simples e gratuito.<\/p>\n<p>Vale ressaltar que o cat\u00e1logo \u00e9 um recurso que fornece informa\u00e7\u00f5es sobre a m\u00fasica escrita ibero-americana e n\u00e3o \u00e9 agente, distribuidor ou editor e, portanto, n\u00e3o aluga, vende, fornece or\u00e7amentos ou oferece partituras individuais. Os programadores de orquestras, conjuntos e salas dever\u00e3o contactar quem det\u00e9m os direitos de acesso \u00e0 obra e aos seus materiais. As obras n\u00e3o estar\u00e3o dispon\u00edveis gratuitamente, mas ser\u00e1 fornecido contato com a editora ou com os criadores das obras para solicita\u00e7\u00e3o da partitura completa e seus materiais (particellas).<\/p>\n<p>O sistema foi desenhado a partir de sugest\u00f5es de programadores de orquestras sinf\u00f4nicas e grandes salas da regi\u00e3o, focando nos diferentes processos de pesquisa que realizam na concep\u00e7\u00e3o das temporadas para que programas de concertos possam ser criados com alto n\u00edvel de especificidade.<\/p>\n<p>Ao mesmo tempo, o Programa Iberm\u00fasicas prop\u00f5e uma linha espec\u00edfica para utilizar esta nova ferramenta, \u00e9 \u201cAjuda para a promo\u00e7\u00e3o do repert\u00f3rio ibero-americano\u201d. A chamada estar\u00e1 aberta at\u00e9 1\u00ba de outubro.<\/p>\n<p>Palavras de Eul\u00edcia Esteves, Presidenta do Programa Iberm\u00fasicas:<em>\u00a0O Cat\u00e1logo Iberoamericano de Partituras vem facilitar o trabalho daqueles que est\u00e3o \u00e0 procura das nossas m\u00fasicas. Por meio dele, qualquer pessoa pode ter acesso a in\u00fameras informa\u00e7\u00f5es e partituras (sejam fragmentos ou obras completas), de forma gratuita, num \u00fanico lugar. Esperamos que se transforme em importante ferramenta de difus\u00e3o da m\u00fasica escrita de origem Ibero-Americana e que tamb\u00e9m contribua para a coopera\u00e7\u00e3o, o ensino e a pesquisa no campo musical.<\/em><\/p>\n<p>Palavras de Francisco Varela, Rede Iberoamericana de Orquestras Sinf\u00f3nicas:<em>\u00a0O cat\u00e1logo tem mais de 2.000 obras carregadas. \u00c9 importante destacar, para al\u00e9m deste n\u00famero, que se trata de um cat\u00e1logo vivo. Ao longo de um processo que acaba de come\u00e7ar, vai incorporar todas as partituras da m\u00fasica ibero-americana e, ao mesmo tempo, poder\u00e1 incorporar futuras cria\u00e7\u00f5es, construindo uma ferramenta em constante evolu\u00e7\u00e3o que, sem d\u00favida, transformar\u00e1 positivamente o acesso \u00e0 nossa m\u00fasica e sua circula\u00e7\u00e3o. O projeto contempla toda a m\u00fasica escrita, abrangendo todos os g\u00e9neros, estilos e forma\u00e7\u00f5es poss\u00edveis. O interessante ent\u00e3o do material do cat\u00e1logo \u00e9 que podemos encontrar obras que podem ter sido conclu\u00eddas nos \u00faltimos dias, e ao mesmo tempo temos obras historicamente relevantes em cada pa\u00eds, e todo este material torna-se um ponto de conhecimento e acesso direto para o resto dos pa\u00edses.<\/em><\/p>\n<p><strong>As e os convidamos a fazer parte deste grande cat\u00e1logo, um cat\u00e1logo vivo, para que a m\u00fasica das nossas compositoras e dos nossos compositores ressoe pelo mundo.<\/strong><\/p>\n<p>Ver cat\u00e1logo\u00a0<a href=\"http:\/\/staging.ibermusicas.org\/index.php\/catalogo-de-partituras-pt\/\" target=\"_blank\" rel=\"noopener\">aqui<\/a><br \/>\nVer edital\u00a0<a href=\"http:\/\/staging.ibermusicas.org\/wp-content\/uploads\/2020\/04\/Ibermusicas-Apoio-a-promocao-do-repertorio-ibero-americano-2024.pdf\" target=\"_blank\" rel=\"noopener\">aqui<\/a><\/p>\n","protected":false},"excerpt":{"rendered":"<p>O Cat\u00e1logo Ibero-Americano de Partituras \u00e9 uma janela que se abre ao mundo para divulgar as obras da regi\u00e3o. A sua miss\u00e3o \u00e9 tornar-se uma pe\u00e7a fundamental para a divulga\u00e7\u00e3o da m\u00fasica escrita ibero-americana com o objectivo de promover a execu\u00e7\u00e3o das obras dos nossos compositores de todos os tempos, desde os primeiros registros at\u00e9 [&hellip;]<\/p>\n","protected":false},"author":7,"featured_media":19836,"comment_status":"closed","ping_status":"closed","sticky":false,"template":"","format":"standard","meta":{"footnotes":""},"categories":[218,220,222],"tags":[],"class_list":["post-19835","post","type-post","status-publish","format-standard","has-post-thumbnail","hentry","category-noticias-generales-pt","category-noticias-ibermusicas-pt","category-noticias-rotativas-pt"],"lang":"pt","translations":{"pt":19835,"es":19832},"pll_sync_post":[],"post_mailing_queue_ids":[],"_links":{"self":[{"href":"http:\/\/staging.ibermusicas.org\/index.php\/wp-json\/wp\/v2\/posts\/19835","targetHints":{"allow":["GET"]}}],"collection":[{"href":"http:\/\/staging.ibermusicas.org\/index.php\/wp-json\/wp\/v2\/posts"}],"about":[{"href":"http:\/\/staging.ibermusicas.org\/index.php\/wp-json\/wp\/v2\/types\/post"}],"author":[{"embeddable":true,"href":"http:\/\/staging.ibermusicas.org\/index.php\/wp-json\/wp\/v2\/users\/7"}],"replies":[{"embeddable":true,"href":"http:\/\/staging.ibermusicas.org\/index.php\/wp-json\/wp\/v2\/comments?post=19835"}],"version-history":[{"count":1,"href":"http:\/\/staging.ibermusicas.org\/index.php\/wp-json\/wp\/v2\/posts\/19835\/revisions"}],"predecessor-version":[{"id":19837,"href":"http:\/\/staging.ibermusicas.org\/index.php\/wp-json\/wp\/v2\/posts\/19835\/revisions\/19837"}],"wp:featuredmedia":[{"embeddable":true,"href":"http:\/\/staging.ibermusicas.org\/index.php\/wp-json\/wp\/v2\/media\/19836"}],"wp:attachment":[{"href":"http:\/\/staging.ibermusicas.org\/index.php\/wp-json\/wp\/v2\/media?parent=19835"}],"wp:term":[{"taxonomy":"category","embeddable":true,"href":"http:\/\/staging.ibermusicas.org\/index.php\/wp-json\/wp\/v2\/categories?post=19835"},{"taxonomy":"post_tag","embeddable":true,"href":"http:\/\/staging.ibermusicas.org\/index.php\/wp-json\/wp\/v2\/tags?post=19835"}],"curies":[{"name":"wp","href":"https:\/\/api.w.org\/{rel}","templated":true}]}}