{"id":19880,"date":"2024-08-30T17:27:39","date_gmt":"2024-08-30T17:27:39","guid":{"rendered":"http:\/\/staging.ibermusicas.org\/?p=19880"},"modified":"2024-09-30T14:04:11","modified_gmt":"2024-09-30T14:04:11","slug":"la-viola-campanica-portuguesa-y-la-viola-caipira-brasilena-se-daran-cita-en-sao-paulo","status":"publish","type":"post","link":"http:\/\/staging.ibermusicas.org\/index.php\/la-viola-campanica-portuguesa-y-la-viola-caipira-brasilena-se-daran-cita-en-sao-paulo\/","title":{"rendered":"La viola campani\u00e7a portuguesa y la viola caipira brasile\u00f1a se dar\u00e1n cita en S\u00e3o Paulo"},"content":{"rendered":"<p>\u201cTerra Livre\u201d es el territorio de exploraci\u00f3n de la Viola Campani\u00e7a de GAJO y la Viola Caipira de Ricardo Vignini. Portugal y Brasil en estrecha afinidad y dos culturas en una sola voz. En directo, estos dos exploradores de la guitarra llevan al escenario todo su bagaje cultural, su sonido caracter\u00edstico y un repertorio \u00fanico fruto de una empat\u00eda musical que se ha convertido en una amistad innovadora.<\/p>\n<p>&nbsp;<\/p>\n<p>El encuentro entre el portugu\u00e9s Jo\u00e3o Morais m\u00e1s conocido como \u201cO GAJO\u201d (Viola Campani\u00e7a) y el brasile\u00f1o Ricardo Vignini (Viola Caipira) se produjo en 2022 a trav\u00e9s de las redes sociales. Una sinton\u00eda musical desencaden\u00f3 un primer contacto con la participaci\u00f3n de Vignini en el \u00e1lbum \u201cN\u00e3o Lugar\u201d de O GAJO de 2023, que r\u00e1pidamente se convirti\u00f3 en un intercambio regular de ideas y en el deseo de cruzar los dos mundos art\u00edsticos y culturales que caracterizan a estos int\u00e9rpretes.<\/p>\n<p>&nbsp;<\/p>\n<p>En Brasil, Ricardo Vignini, que cuenta con 20 a\u00f1os de carrera en solitario, lleva su Viola Caipira por largos viajes desde las referencias tradicionales hasta enfoques m\u00e1s personalizados y contempor\u00e1neos. En Portugal, O GAJO, con siete a\u00f1os de carrera, sigue un camino similar, llevando su tradicional Viola Campani\u00e7a a territorios art\u00edsticos m\u00e1s urbanos y contempor\u00e1neos, inspirados en su trayectoria musical vinculada al rock desde hace m\u00e1s de 25 a\u00f1os.<\/p>\n<p>&nbsp;<\/p>\n<p>Esta sinton\u00eda les acerc\u00f3 y su intercambio de ideas a trav\u00e9s del mundo digital empez\u00f3 a dar lugar a un trabajo consistente que decidieron convertir en un \u00e1lbum colaborativo llamado \u201cTerra Livre\u201d que es el territorio de exploraci\u00f3n de Ricardo y Jo\u00e3o, donde expanden sus horizontes creativos sin f\u00f3rmulas ni reglas predefinidas.<\/p>\n<p>&nbsp;<\/p>\n<p>Este encuentro es posible gracias al apoyo de Iberm\u00fasicas mediante sus Ayudas a la Circulaci\u00f3n, convocatoria 2023.<\/p>\n<p>&nbsp;<\/p>\n<ul>\n<li>28 de agosto, 19.00 horas: Centro de Pesquisa e Forma\u00e7\u00e3o &#8211; SESC (Coloquio con O Gajo, Ricardo Vignini e Ivan Vilela sobre Viola Caipira y Viola Campani\u00e7a)<\/li>\n<li>30 de agosto, 20.00 horas: SESC Taubat\u00e9<\/li>\n<li>31 de agosto, 14.00 horas: Feria de M\u00fasica y Mercado Conecta (S\u00e3o Paulo)<\/li>\n<li>01 de septiembre: SESC Jundia\u00ed<\/li>\n<li>03 de septiembre: Steel Bar<\/li>\n<li>06 de septiembre: Espa\u00e7o Musical S&amp;T Osasco\/SP<\/li>\n<li>07 septiembre: SESC Campinas<\/li>\n<li>08 septiembre: Festival Choro in Jazz &#8211; Teatro Paulo Eir\u00f3<\/li>\n<\/ul>\n","protected":false},"excerpt":{"rendered":"<p>\u201cTerra Livre\u201d es el territorio de exploraci\u00f3n de la Viola Campani\u00e7a de GAJO y la Viola Caipira de Ricardo Vignini. Portugal y Brasil en estrecha afinidad y dos culturas en una sola voz. En directo, estos dos exploradores de la guitarra llevan al escenario todo su bagaje cultural, su sonido caracter\u00edstico y un repertorio \u00fanico [&hellip;]<\/p>\n","protected":false},"author":7,"featured_media":19881,"comment_status":"closed","ping_status":"closed","sticky":false,"template":"","format":"standard","meta":{"footnotes":""},"categories":[53],"tags":[],"class_list":["post-19880","post","type-post","status-publish","format-standard","has-post-thumbnail","hentry","category-noticias-generales"],"lang":"es","translations":{"es":19880,"pt":19885},"pll_sync_post":[],"post_mailing_queue_ids":[],"_links":{"self":[{"href":"http:\/\/staging.ibermusicas.org\/index.php\/wp-json\/wp\/v2\/posts\/19880","targetHints":{"allow":["GET"]}}],"collection":[{"href":"http:\/\/staging.ibermusicas.org\/index.php\/wp-json\/wp\/v2\/posts"}],"about":[{"href":"http:\/\/staging.ibermusicas.org\/index.php\/wp-json\/wp\/v2\/types\/post"}],"author":[{"embeddable":true,"href":"http:\/\/staging.ibermusicas.org\/index.php\/wp-json\/wp\/v2\/users\/7"}],"replies":[{"embeddable":true,"href":"http:\/\/staging.ibermusicas.org\/index.php\/wp-json\/wp\/v2\/comments?post=19880"}],"version-history":[{"count":1,"href":"http:\/\/staging.ibermusicas.org\/index.php\/wp-json\/wp\/v2\/posts\/19880\/revisions"}],"predecessor-version":[{"id":19883,"href":"http:\/\/staging.ibermusicas.org\/index.php\/wp-json\/wp\/v2\/posts\/19880\/revisions\/19883"}],"wp:featuredmedia":[{"embeddable":true,"href":"http:\/\/staging.ibermusicas.org\/index.php\/wp-json\/wp\/v2\/media\/19881"}],"wp:attachment":[{"href":"http:\/\/staging.ibermusicas.org\/index.php\/wp-json\/wp\/v2\/media?parent=19880"}],"wp:term":[{"taxonomy":"category","embeddable":true,"href":"http:\/\/staging.ibermusicas.org\/index.php\/wp-json\/wp\/v2\/categories?post=19880"},{"taxonomy":"post_tag","embeddable":true,"href":"http:\/\/staging.ibermusicas.org\/index.php\/wp-json\/wp\/v2\/tags?post=19880"}],"curies":[{"name":"wp","href":"https:\/\/api.w.org\/{rel}","templated":true}]}}