{"id":19885,"date":"2024-08-30T17:29:08","date_gmt":"2024-08-30T17:29:08","guid":{"rendered":"http:\/\/staging.ibermusicas.org\/?p=19885"},"modified":"2024-09-30T13:51:56","modified_gmt":"2024-09-30T13:51:56","slug":"a-viola-campanica-portuguesa-e-a-viola-caipira-brasileira-vao-se-encontrar-em-sao-paulo","status":"publish","type":"post","link":"http:\/\/staging.ibermusicas.org\/index.php\/a-viola-campanica-portuguesa-e-a-viola-caipira-brasileira-vao-se-encontrar-em-sao-paulo\/","title":{"rendered":"A viola campani\u00e7a portuguesa e a viola caipira brasileira v\u00e3o se encontrar em S\u00e3o Paulo"},"content":{"rendered":"<p>\u201cTerra Livre\u201d \u00e9 o territ\u00f3rio explorat\u00f3rio da Viola Campani\u00e7a do GAJO e da Viola Caipira de Ricardo Vignini. Portugal e Brasil em estreita afinidade e duas culturas a uma s\u00f3 voz. Ao vivo, estas duas violas exploradoras levam para o palco toda a sua bagagem cultural, a sua sonoridade caracter\u00edstica e um repert\u00f3rio \u00fanico resultante de uma empatia musical que se tornou uma amizade inovadora.<\/p>\n<p><strong>\u00a0<\/strong><\/p>\n<p>O encontro do Portugu\u00eas Jo\u00e3o Morais mais conhecido como \u201cO GAJO\u201d (Viola Campani\u00e7a) e do Brasileiro Ricardo Vignini (Viola Caipira) acontece no ano de 2022 atrav\u00e9s das redes sociais. Uma sintonia musical ativou um primeiro contacto com a participa\u00e7\u00e3o de Vignini no disco do O GAJO \u201cN\u00e3o Lugar\u201d de 2023 e que rapidamente se transformou numa regular troca de ideias e na vontade de cruzar os dois mundos art\u00edsticos e culturais que caracterizam estes tocadores.<\/p>\n<p>&nbsp;<\/p>\n<p>No Brasil, Ricardo Vignini que tem uma carreira a solo de 20 anos, leva a sua Viola Caipira em grandes viagens desde as refer\u00eancias tradicionais, a abordagens mais personalizadas e contempor\u00e2neas. Em Portugal, O GAJO, com um caminho de 7 anos faz um caminho similar levando a sua tradicional Viola Campani\u00e7a para territ\u00f3rios art\u00edsticos mais urbanos e atuais inspirados na sua carreira musical ligada ao rock de mais de 25 anos.<\/p>\n<p>&nbsp;<\/p>\n<p>Esta sintonia aproxima-os e as trocas de ideias via mundo digital, come\u00e7am a dar origem a um trabalho consistente que decidem transformar num disco colaborativo de nome \u201cTerra Livre\u201d que \u00e9 o territ\u00f3rio explorat\u00f3rio de Ricardo e Jo\u00e3o, onde expandem os seus horizontes criativos sem f\u00f3rmulas ou regras pr\u00e9 definidas.<\/p>\n<p>&nbsp;<\/p>\n<p>Este encontro \u00e9 poss\u00edvel gra\u00e7as ao apoio do Iberm\u00fasicas atrav\u00e9s das suas Ajudas para a Circula\u00e7\u00e3o, chamada 2023.<\/p>\n<p><strong>\u00a0<\/strong><\/p>\n<ul>\n<li>28 de agosto, 19h: Centro de Pesquisa e Forma\u00e7\u00e3o &#8211; SESC (Conversa com O Gajo, Ricardo Vignini e Ivan Vilela sobre a Viola Caipira e a Viola Campani\u00e7a<\/li>\n<li>30 de agosto, 20h: SESC Taubat\u00e9<\/li>\n<li>31 de agosto &#8211; 14h &#8211; Feira Conecta M\u00fasica e Mercado (S\u00e3o Paulo)<\/li>\n<li>01 de setembro: SESC Jundia\u00ed<\/li>\n<li>03 de setembro: Steel Bar<\/li>\n<li>06 de setembro: Espa\u00e7o Musical S&amp;T Osasco\/SP<\/li>\n<li>07 de setembro: SESC Campinas<\/li>\n<li>08 de setembro: Festival Choro in Jazz &#8211; Teatro Paulo Eir\u00f3<\/li>\n<\/ul>\n","protected":false},"excerpt":{"rendered":"<p>\u201cTerra Livre\u201d \u00e9 o territ\u00f3rio explorat\u00f3rio da Viola Campani\u00e7a do GAJO e da Viola Caipira de Ricardo Vignini. Portugal e Brasil em estreita afinidade e duas culturas a uma s\u00f3 voz. Ao vivo, estas duas violas exploradoras levam para o palco toda a sua bagagem cultural, a sua sonoridade caracter\u00edstica e um repert\u00f3rio \u00fanico resultante [&hellip;]<\/p>\n","protected":false},"author":7,"featured_media":19881,"comment_status":"closed","ping_status":"closed","sticky":false,"template":"","format":"standard","meta":{"footnotes":""},"categories":[218],"tags":[],"class_list":["post-19885","post","type-post","status-publish","format-standard","has-post-thumbnail","hentry","category-noticias-generales-pt"],"lang":"pt","translations":{"pt":19885,"es":19880},"pll_sync_post":[],"post_mailing_queue_ids":[],"_links":{"self":[{"href":"http:\/\/staging.ibermusicas.org\/index.php\/wp-json\/wp\/v2\/posts\/19885","targetHints":{"allow":["GET"]}}],"collection":[{"href":"http:\/\/staging.ibermusicas.org\/index.php\/wp-json\/wp\/v2\/posts"}],"about":[{"href":"http:\/\/staging.ibermusicas.org\/index.php\/wp-json\/wp\/v2\/types\/post"}],"author":[{"embeddable":true,"href":"http:\/\/staging.ibermusicas.org\/index.php\/wp-json\/wp\/v2\/users\/7"}],"replies":[{"embeddable":true,"href":"http:\/\/staging.ibermusicas.org\/index.php\/wp-json\/wp\/v2\/comments?post=19885"}],"version-history":[{"count":1,"href":"http:\/\/staging.ibermusicas.org\/index.php\/wp-json\/wp\/v2\/posts\/19885\/revisions"}],"predecessor-version":[{"id":19886,"href":"http:\/\/staging.ibermusicas.org\/index.php\/wp-json\/wp\/v2\/posts\/19885\/revisions\/19886"}],"wp:featuredmedia":[{"embeddable":true,"href":"http:\/\/staging.ibermusicas.org\/index.php\/wp-json\/wp\/v2\/media\/19881"}],"wp:attachment":[{"href":"http:\/\/staging.ibermusicas.org\/index.php\/wp-json\/wp\/v2\/media?parent=19885"}],"wp:term":[{"taxonomy":"category","embeddable":true,"href":"http:\/\/staging.ibermusicas.org\/index.php\/wp-json\/wp\/v2\/categories?post=19885"},{"taxonomy":"post_tag","embeddable":true,"href":"http:\/\/staging.ibermusicas.org\/index.php\/wp-json\/wp\/v2\/tags?post=19885"}],"curies":[{"name":"wp","href":"https:\/\/api.w.org\/{rel}","templated":true}]}}