{"id":19887,"date":"2024-08-30T17:30:22","date_gmt":"2024-08-30T17:30:22","guid":{"rendered":"http:\/\/staging.ibermusicas.org\/?p=19887"},"modified":"2024-09-30T14:03:55","modified_gmt":"2024-09-30T14:03:55","slug":"la-agrupacion-uruguaya-semillas-de-ansina-llevara-adelante-su-primera-gira-por-europa","status":"publish","type":"post","link":"http:\/\/staging.ibermusicas.org\/index.php\/la-agrupacion-uruguaya-semillas-de-ansina-llevara-adelante-su-primera-gira-por-europa\/","title":{"rendered":"La agrupaci\u00f3n uruguaya \u201cSemillas de Ansina\u201d llevar\u00e1 adelante su primera gira por Europa"},"content":{"rendered":"<p>Semillas de Ansina es un proyecto de difusi\u00f3n del Candombe afrouruguayo. Se centra en un documental, realizado por Diego Paredes, uno de los m\u00e1ximos referentes contempor\u00e1neos de esta manifestaci\u00f3n cultural afrouruguaya.<\/p>\n<p>&nbsp;<\/p>\n<p>Desde Montevideo, la cuna de esta cultura, Diego realiza esta gira de presentaci\u00f3n que ha recorrido todo el interior de Uruguay, y que se ha representado en el exterior en: Porto Alegre (Brasil), Bogot\u00e1 (Congreso de Carnaval de la Universidad Nacional de Colombia) y en Argentina en Buenos Aires, las ciudades hacia el norte: C\u00f3rdoba, Merlo-San Luis, Rosario; hacia el sur y la Patagonia: Mar del Plata, Bah\u00eda Blanca, General Roca (Fiske Menuco), Cipolletti, Bariloche, Bols\u00f3n y Comodoro Rivadavia.<\/p>\n<p>&nbsp;<\/p>\n<p>Semillas de Ansina enmarca el documental con un taller donde se trabaja la m\u00fasica del candombe desde la percusi\u00f3n en conexi\u00f3n con m\u00fasicos locales y se ofrece un concierto que culmina con una jam, para mostrar la m\u00fasica del candombe con el acompa\u00f1amiento desde un set de percusi\u00f3n.<\/p>\n<p>&nbsp;<\/p>\n<p>La propuesta de Diego Paredes ha sido ganadora de Iberm\u00fasicas en su modalidad de Ayudas a la Circulaci\u00f3n, convocatoria 2023.<\/p>\n<p>&nbsp;<\/p>\n<p>&nbsp;<\/p>\n<ul>\n<li>31 de agosto 20h \u2022 Casa Figari \u2022 Show con Ale Luzardo y JM Mariatti, Barcelona, Espa\u00f1a<\/li>\n<li>01 de septiembre 20h \u2022 Fiesta Maior de Palau \u2022 Show con Ale Luzardo y JM Mariatti, Barcelona, Espa\u00f1a<\/li>\n<li>02 de septiembre 18h \u2022 Els Amics \u2022 Documental y Taller, Barcelona, Espa\u00f1a<\/li>\n<li>03 de septiembre 19h \u2022 Palau, Comparsa Bant\u00fa \u2022 Documental y Taller, Barcelona, Espa\u00f1a<\/li>\n<li>04 de septiembre 20h \u2022 Casa Figari \u2022 Show con Ale Luzardo y Eduardo Tancreddi, Barcelona, Espa\u00f1a<\/li>\n<li>05 de septiembre 22h \u2022 INvitro Castelldefels \u2022 Show con Ale Luzardo y JM Mariatti, Barcelona, Espa\u00f1a<\/li>\n<li>07 de septiembre 17h \u2022 Colectivo Yupanqui \u2022 Documental y Taller, Madrid, Espa\u00f1a<\/li>\n<li>08 de septiembre 10h \u2022 Comparsa Amigos del Candombe \u2022 Documental y Taller, Madrid, Espa\u00f1a<\/li>\n<li>09 de septiembre 20h \u2022 El Bar Mutante \u2022 Show con Gino Tunessi e invitados, Sevilla, Espa\u00f1a<\/li>\n<li>12 de septiembre 16h \u2022 Universidad de C\u00e1diz, Escuela de Carnaval \u2022 Documental y Taller, C\u00e1diz, Espa\u00f1a<\/li>\n<li>13 de septiembre 19.30h \u2022 Sala El Apeadero \u2022 Documental y Taller, Granada, Espa\u00f1a<\/li>\n<li>14 de septiembre 17h \u2022 Club Uruguay en M\u00e1laga \u2022 Documental y Taller, M\u00e1laga, Espa\u00f1a<\/li>\n<li>15 de septiembre 17h \u2022 Terretup, organiza Urues \u2022 Documental y Taller, Alicante, Espa\u00f1a<\/li>\n<li>17 de septiembre 19h \u2022 Candombe Valencia \u2022 Documental y Taller, Valencia, Espa\u00f1a<\/li>\n<li>19 de septiembre 14h \u2022 Universit\u00e9 8 Par\u00eds \u2022 Documental y Taller, Par\u00eds, Francia<\/li>\n<li>20 de septiembre 20.30h \u2022 Le Shakirail \u2022 Show con La Milong\u00f3n, Par\u00eds, Francia<\/li>\n<li>21 de septiembre 18.30 \u2022 Ginebra, Le Barj\u00e9 des Lavandi\u00e8res \u2022 Show con Nico Mora, Suiza<\/li>\n<li>22 de septiembre 17h \u2022 Vevey, La Cour de l\u2019Avenir \u2022 Documental y Taller, Suiza<\/li>\n<li>22 de septiembre 20h \u2022 Vevey, La Cour de l\u2019Avenir \u2022 Show con Nico Mora, Suiza<\/li>\n<\/ul>\n","protected":false},"excerpt":{"rendered":"<p>Semillas de Ansina es un proyecto de difusi\u00f3n del Candombe afrouruguayo. Se centra en un documental, realizado por Diego Paredes, uno de los m\u00e1ximos referentes contempor\u00e1neos de esta manifestaci\u00f3n cultural afrouruguaya. &nbsp; Desde Montevideo, la cuna de esta cultura, Diego realiza esta gira de presentaci\u00f3n que ha recorrido todo el interior de Uruguay, y que [&hellip;]<\/p>\n","protected":false},"author":7,"featured_media":19888,"comment_status":"closed","ping_status":"closed","sticky":false,"template":"","format":"standard","meta":{"footnotes":""},"categories":[53],"tags":[],"class_list":["post-19887","post","type-post","status-publish","format-standard","has-post-thumbnail","hentry","category-noticias-generales"],"lang":"es","translations":{"es":19887,"pt":19891},"pll_sync_post":[],"post_mailing_queue_ids":[],"_links":{"self":[{"href":"http:\/\/staging.ibermusicas.org\/index.php\/wp-json\/wp\/v2\/posts\/19887","targetHints":{"allow":["GET"]}}],"collection":[{"href":"http:\/\/staging.ibermusicas.org\/index.php\/wp-json\/wp\/v2\/posts"}],"about":[{"href":"http:\/\/staging.ibermusicas.org\/index.php\/wp-json\/wp\/v2\/types\/post"}],"author":[{"embeddable":true,"href":"http:\/\/staging.ibermusicas.org\/index.php\/wp-json\/wp\/v2\/users\/7"}],"replies":[{"embeddable":true,"href":"http:\/\/staging.ibermusicas.org\/index.php\/wp-json\/wp\/v2\/comments?post=19887"}],"version-history":[{"count":1,"href":"http:\/\/staging.ibermusicas.org\/index.php\/wp-json\/wp\/v2\/posts\/19887\/revisions"}],"predecessor-version":[{"id":19890,"href":"http:\/\/staging.ibermusicas.org\/index.php\/wp-json\/wp\/v2\/posts\/19887\/revisions\/19890"}],"wp:featuredmedia":[{"embeddable":true,"href":"http:\/\/staging.ibermusicas.org\/index.php\/wp-json\/wp\/v2\/media\/19888"}],"wp:attachment":[{"href":"http:\/\/staging.ibermusicas.org\/index.php\/wp-json\/wp\/v2\/media?parent=19887"}],"wp:term":[{"taxonomy":"category","embeddable":true,"href":"http:\/\/staging.ibermusicas.org\/index.php\/wp-json\/wp\/v2\/categories?post=19887"},{"taxonomy":"post_tag","embeddable":true,"href":"http:\/\/staging.ibermusicas.org\/index.php\/wp-json\/wp\/v2\/tags?post=19887"}],"curies":[{"name":"wp","href":"https:\/\/api.w.org\/{rel}","templated":true}]}}