{"id":19891,"date":"2024-08-30T17:31:58","date_gmt":"2024-08-30T17:31:58","guid":{"rendered":"http:\/\/staging.ibermusicas.org\/?p=19891"},"modified":"2024-09-30T13:51:50","modified_gmt":"2024-09-30T13:51:50","slug":"o-grupo-uruguaio-semillas-de-ansina-vai-realizar-a-sua-primeira-digressao-na-europa","status":"publish","type":"post","link":"http:\/\/staging.ibermusicas.org\/index.php\/o-grupo-uruguaio-semillas-de-ansina-vai-realizar-a-sua-primeira-digressao-na-europa\/","title":{"rendered":"O grupo uruguaio \u201cSemillas de Ansina\u201d vai realizar a sua primeira digress\u00e3o na Europa"},"content":{"rendered":"<p>Semillas de Ansina \u00e9 um projeto de divulga\u00e7\u00e3o do Candombe afro-uruguaio. Baseia-se num document\u00e1rio de Diego Paredes, um dos mais importantes referentes contempor\u00e2neos desta manifesta\u00e7\u00e3o cultural afro-uruguaia.<\/p>\n<p>&nbsp;<\/p>\n<p>A partir de Montevid\u00e9u, ber\u00e7o desta cultura, Diego realiza esta turn\u00ea de apresenta\u00e7\u00e3o que j\u00e1 percorreu todo o interior do Uruguai, e foi apresentada no exterior em: Porto Alegre (Brasil), Bogot\u00e1 (Congresso de Carnaval da Universidade Nacional da Col\u00f4mbia) e na Argentina em Buenos Aires, as cidades ao norte: C\u00f3rdoba, Merlo-San Luis, Rosario; ao sul e Patag\u00f3nia: Mar del Plata, Bah\u00eda Blanca, General Roca (Fiske Menuco), Cipolletti, Bariloche, Bols\u00f3n e Comodoro Rivadavia.<\/p>\n<p>&nbsp;<\/p>\n<p>Semillas de Ansina enquadra o document\u00e1rio com um workshop onde trabalham a m\u00fasica do candombe a partir da percuss\u00e3o em conex\u00e3o com m\u00fasicos locais e oferecem um concerto que culmina com uma jam, para mostrar a m\u00fasica candombe com o acompanhamento de um conjunto de percuss\u00e3o.<\/p>\n<p>&nbsp;<\/p>\n<p>A proposta de Diego Paredes foi vencedora do Iberm\u00fasicas na modalidade de Ajudas \u00e0 Circula\u00e7\u00e3o, chamada 2023.<\/p>\n<ul>\n<li>31 de agosto 20h &#8211; Casa Figari &#8211; Show com Ale Luzardo e JM Mariatti, Barcelona, Espanha<\/li>\n<li>01 setembro 20h &#8211; Fiesta Maior de Palau &#8211; Espet\u00e1culo com Ale Luzardo e JM Mariatti, Barcelona, Espanha<\/li>\n<li>02 setembro 18h &#8211; Els Amics &#8211; Document\u00e1rio e Workshop, Barcelona, Espanha<\/li>\n<li>03 setembro 19h &#8211; Palau, Comparsa Bant\u00fa &#8211; Document\u00e1rio e Workshop, Barcelona, Espanha<\/li>\n<li>04 setembro 20h &#8211; Casa Figari &#8211; Espet\u00e1culo com Ale Luzardo e Eduardo Tancreddi, Barcelona, Espanha<\/li>\n<li>05 setembro 22h &#8211; INvitro Castelldefels &#8211; Espet\u00e1culo com Ale Luzardo e JM Mariatti, Barcelona, Espanha<\/li>\n<li>07 setembro 17h &#8211; Coletivo Yupanqui &#8211; Document\u00e1rio e Workshop, Madrid, Espanha<\/li>\n<li>08 setembro 10h &#8211; Comparsa Amigos del Candombe &#8211; Document\u00e1rio e Workshop, Madrid, Espanha<\/li>\n<li>09 setembro 20h &#8211; El Bar Mutante &#8211; Show com Gino Tunessi e convidados, Sevilha, Espanha<\/li>\n<li>12 setembro 16h &#8211; Universidade de C\u00e1diz, Escola de Carnaval &#8211; Document\u00e1rio e Workshop, C\u00e1diz, Espanha<\/li>\n<li>13 setembro 19.30h &#8211; Sala El Apeadero &#8211; Document\u00e1rio e Workshop, Granada, Espanha<\/li>\n<li>14 de setembro 17h &#8211; Club Uruguay en M\u00e1laga &#8211; Document\u00e1rio e workshop, M\u00e1laga, Espanha<\/li>\n<li>15 de setembro 17h &#8211; Terretup, organizado por Urues &#8211; Document\u00e1rio e workshop, Alicante, Espanha<\/li>\n<li>17 setembro 19h &#8211; Candombe Valencia &#8211; Document\u00e1rio e workshop, Valencia, Espanha<\/li>\n<li>19 setembro 14h &#8211; Universit\u00e9 8 Paris &#8211; Document\u00e1rio e atelier, Paris, Fran\u00e7a<\/li>\n<li>20 setembro 20.30h &#8211; Le Shakirail &#8211; Espet\u00e1culo com La Milong\u00f3n, Paris, Fran\u00e7a<\/li>\n<li>21 de setembro 18.30h &#8211; Genebra, Le Barj\u00e9 des Lavandi\u00e8res &#8211; Espet\u00e1culo com Nico Mora, Su\u00ed\u00e7a<\/li>\n<li>22 de setembro 17h &#8211; Vevey, La Cour de l&#8217;Avenir &#8211; Document\u00e1rio e Workshop, Su\u00ed\u00e7a<\/li>\n<li>22 de setembro 20h &#8211; Vevey, La Cour de l&#8217;Avenir &#8211; Espet\u00e1culo com Nico Mora, Su\u00ed\u00e7a<\/li>\n<\/ul>\n","protected":false},"excerpt":{"rendered":"<p>Semillas de Ansina \u00e9 um projeto de divulga\u00e7\u00e3o do Candombe afro-uruguaio. Baseia-se num document\u00e1rio de Diego Paredes, um dos mais importantes referentes contempor\u00e2neos desta manifesta\u00e7\u00e3o cultural afro-uruguaia. &nbsp; A partir de Montevid\u00e9u, ber\u00e7o desta cultura, Diego realiza esta turn\u00ea de apresenta\u00e7\u00e3o que j\u00e1 percorreu todo o interior do Uruguai, e foi apresentada no exterior em: [&hellip;]<\/p>\n","protected":false},"author":7,"featured_media":19888,"comment_status":"closed","ping_status":"closed","sticky":false,"template":"","format":"standard","meta":{"footnotes":""},"categories":[218],"tags":[],"class_list":["post-19891","post","type-post","status-publish","format-standard","has-post-thumbnail","hentry","category-noticias-generales-pt"],"lang":"pt","translations":{"pt":19891,"es":19887},"pll_sync_post":[],"post_mailing_queue_ids":[],"_links":{"self":[{"href":"http:\/\/staging.ibermusicas.org\/index.php\/wp-json\/wp\/v2\/posts\/19891","targetHints":{"allow":["GET"]}}],"collection":[{"href":"http:\/\/staging.ibermusicas.org\/index.php\/wp-json\/wp\/v2\/posts"}],"about":[{"href":"http:\/\/staging.ibermusicas.org\/index.php\/wp-json\/wp\/v2\/types\/post"}],"author":[{"embeddable":true,"href":"http:\/\/staging.ibermusicas.org\/index.php\/wp-json\/wp\/v2\/users\/7"}],"replies":[{"embeddable":true,"href":"http:\/\/staging.ibermusicas.org\/index.php\/wp-json\/wp\/v2\/comments?post=19891"}],"version-history":[{"count":1,"href":"http:\/\/staging.ibermusicas.org\/index.php\/wp-json\/wp\/v2\/posts\/19891\/revisions"}],"predecessor-version":[{"id":19892,"href":"http:\/\/staging.ibermusicas.org\/index.php\/wp-json\/wp\/v2\/posts\/19891\/revisions\/19892"}],"wp:featuredmedia":[{"embeddable":true,"href":"http:\/\/staging.ibermusicas.org\/index.php\/wp-json\/wp\/v2\/media\/19888"}],"wp:attachment":[{"href":"http:\/\/staging.ibermusicas.org\/index.php\/wp-json\/wp\/v2\/media?parent=19891"}],"wp:term":[{"taxonomy":"category","embeddable":true,"href":"http:\/\/staging.ibermusicas.org\/index.php\/wp-json\/wp\/v2\/categories?post=19891"},{"taxonomy":"post_tag","embeddable":true,"href":"http:\/\/staging.ibermusicas.org\/index.php\/wp-json\/wp\/v2\/tags?post=19891"}],"curies":[{"name":"wp","href":"https:\/\/api.w.org\/{rel}","templated":true}]}}