{"id":19893,"date":"2024-08-30T17:33:17","date_gmt":"2024-08-30T17:33:17","guid":{"rendered":"http:\/\/staging.ibermusicas.org\/?p=19893"},"modified":"2024-09-30T14:03:49","modified_gmt":"2024-09-30T14:03:49","slug":"el-multiartista-brasileno-dj-mam-actua-en-portugal","status":"publish","type":"post","link":"http:\/\/staging.ibermusicas.org\/index.php\/el-multiartista-brasileno-dj-mam-actua-en-portugal\/","title":{"rendered":"El multiartista brasile\u00f1o DJ MAM act\u00faa en Portugal"},"content":{"rendered":"<p>DJ MAM (Marco Aur\u00e9lio Marinho) es un multiartista, m\u00fasico, compositor, cantante, int\u00e9rprete, productor musical, curador, director art\u00edstico y DJ nacido en los suburbios de R\u00edo de Janeiro, es activista por causas medioambientales y clim\u00e1ticas. Tiene ascendencia mestiza brasile\u00f1a.<\/p>\n<p>MAM fue residente de la Casa Brasil en los Juegos Ol\u00edmpicos de Par\u00eds 2024 y ha actuado en importantes eventos como la R\u00e9veillon \u00a0de Copacabana, Roskilde Festival (Dinamarca), Fusion Festival (Alemania), Colours of Ostrava (Rep\u00fablica Checa), MIDEM Latin America, WOMAD (Chile y Canarias), AME &#8211; Atlantic Music Expo (Cabo Verde), MIMO (Brasil y Portugal) y el A\u00f1o de Brasil en Portugal en LX Factory.<\/p>\n<p>Ha colaborado con m\u00e1s de un centenar de artistas, entre ellos los intemporales Elza Soares y Moraes Moreira, Gilberto Gil, Alceu Valen\u00e7a, Dona Onete, Chico C\u00e9sar, Criolo, Luedji Luna, BaianaSystem, BNeg\u00e3o, Bixiga 70, Tropkillaz, El Buho, Batida y otros.<\/p>\n<p>MAM es un artista h\u00edbrido, representante de culturas de resistencia. Fuertemente vinculado a R\u00edo de Janeiro, es suya la canci\u00f3n oficial de la ciudad y el tema del 80 aniversario del Cristo Redentor. Su mezcla musical representa el espectro cultural de la identidad brasile\u00f1a. En sus canciones, ritmos regionales de Brasil se combinan con sonidos globales, producciones, remezclas y sesiones de DJ.<\/p>\n<p>Esta gira cuenta con el apoyo del Programa Iberm\u00fasicas por medio de sus Ayudas al Sector Musical para la Circulaci\u00f3n.<\/p>\n<ul>\n<li>1 de septiembre: Festival Sabura, Sesimbra, Portugal<\/li>\n<li>27 de septiembre: Casa da M\u00fasica, Oporto, Portugal<\/li>\n<li>28 de septiembre: Mundu N\u00f4bu Experience, Lisboa, Portugal<\/li>\n<\/ul>\n","protected":false},"excerpt":{"rendered":"<p>DJ MAM (Marco Aur\u00e9lio Marinho) es un multiartista, m\u00fasico, compositor, cantante, int\u00e9rprete, productor musical, curador, director art\u00edstico y DJ nacido en los suburbios de R\u00edo de Janeiro, es activista por causas medioambientales y clim\u00e1ticas. Tiene ascendencia mestiza brasile\u00f1a. MAM fue residente de la Casa Brasil en los Juegos Ol\u00edmpicos de Par\u00eds 2024 y ha actuado [&hellip;]<\/p>\n","protected":false},"author":7,"featured_media":19894,"comment_status":"closed","ping_status":"closed","sticky":false,"template":"","format":"standard","meta":{"footnotes":""},"categories":[53],"tags":[],"class_list":["post-19893","post","type-post","status-publish","format-standard","has-post-thumbnail","hentry","category-noticias-generales"],"lang":"es","translations":{"es":19893,"pt":19897},"pll_sync_post":[],"post_mailing_queue_ids":[],"_links":{"self":[{"href":"http:\/\/staging.ibermusicas.org\/index.php\/wp-json\/wp\/v2\/posts\/19893","targetHints":{"allow":["GET"]}}],"collection":[{"href":"http:\/\/staging.ibermusicas.org\/index.php\/wp-json\/wp\/v2\/posts"}],"about":[{"href":"http:\/\/staging.ibermusicas.org\/index.php\/wp-json\/wp\/v2\/types\/post"}],"author":[{"embeddable":true,"href":"http:\/\/staging.ibermusicas.org\/index.php\/wp-json\/wp\/v2\/users\/7"}],"replies":[{"embeddable":true,"href":"http:\/\/staging.ibermusicas.org\/index.php\/wp-json\/wp\/v2\/comments?post=19893"}],"version-history":[{"count":1,"href":"http:\/\/staging.ibermusicas.org\/index.php\/wp-json\/wp\/v2\/posts\/19893\/revisions"}],"predecessor-version":[{"id":19895,"href":"http:\/\/staging.ibermusicas.org\/index.php\/wp-json\/wp\/v2\/posts\/19893\/revisions\/19895"}],"wp:featuredmedia":[{"embeddable":true,"href":"http:\/\/staging.ibermusicas.org\/index.php\/wp-json\/wp\/v2\/media\/19894"}],"wp:attachment":[{"href":"http:\/\/staging.ibermusicas.org\/index.php\/wp-json\/wp\/v2\/media?parent=19893"}],"wp:term":[{"taxonomy":"category","embeddable":true,"href":"http:\/\/staging.ibermusicas.org\/index.php\/wp-json\/wp\/v2\/categories?post=19893"},{"taxonomy":"post_tag","embeddable":true,"href":"http:\/\/staging.ibermusicas.org\/index.php\/wp-json\/wp\/v2\/tags?post=19893"}],"curies":[{"name":"wp","href":"https:\/\/api.w.org\/{rel}","templated":true}]}}