{"id":19897,"date":"2024-08-30T17:34:36","date_gmt":"2024-08-30T17:34:36","guid":{"rendered":"http:\/\/staging.ibermusicas.org\/?p=19897"},"modified":"2024-09-30T13:51:42","modified_gmt":"2024-09-30T13:51:42","slug":"o-multi-artista-brasileiro-dj-mam-actua-em-portugal","status":"publish","type":"post","link":"http:\/\/staging.ibermusicas.org\/index.php\/o-multi-artista-brasileiro-dj-mam-actua-em-portugal\/","title":{"rendered":"O multi-artista brasileiro DJ MAM actua em Portugal"},"content":{"rendered":"<p>DJ MAM (Marco Aur\u00e9lio Marinho) \u00e9 multi-artista, m\u00fasico, compositor, cantor, performer, produtor musical, curador, diretor de arte e DJ nascido no sub\u00farbio do Rio de Janeiro, \u00e9 ativista das causas ambientais e clim\u00e1ticas. Carrega a ancestralidade mesti\u00e7a brasileira.<\/p>\n<p>&nbsp;<\/p>\n<p>MAM foi o residente da Casa Brasil nos Jogos Ol\u00edmpicos de Paris 2024, se apresentou em importantes eventos, como o R\u00e9veillon de Copacabana, Roskilde Festival (Dinamarca), Fusion Festival (Alemanha), Colours of Ostrava (Rep\u00fablica Tcheca), MIDEM Latinamerica, WOMAD (Chile e Ilhas Can\u00e1rias), AME &#8211; Atlantic Music Expo (Cabo Verde), MIMO (Brasil e Portugal) e Ano do Brasil em Portugal na LX Factory.<\/p>\n<p>&nbsp;<\/p>\n<p>Realizou parcerias em colabora\u00e7\u00f5es com mais de cem artistas, como os eternos Elza Soares e Moraes Moreira, Gilberto Gil, Alceu Valen\u00e7a, Dona Onete, Chico C\u00e9sar, Criolo, Luedji Luna, BaianaSystem, BNeg\u00e3o, Bixiga 70, Tropkillaz, El Buho, Batida e outros.<\/p>\n<p>&nbsp;<\/p>\n<p>MAM \u00e9 um artista h\u00edbrido, representante das culturas de resist\u00eancia. Fortemente conectado com o Rio de Janeiro, \u00e9 dele a m\u00fasica oficial da cidade e a can\u00e7\u00e3o-tema dos 80 anos do Cristo Redentor. Sua mistura musical representa o espectro cultural da identidade brasileira. Ritmos regionais do Brasil conectam-se com sons globais em suas m\u00fasicas autorais, produ\u00e7\u00f5es, remixes e dj sets.<\/p>\n<p>&nbsp;<\/p>\n<p>Esta digress\u00e3o conta com o apoio do Programa Iberm\u00fasicas atrav\u00e9s das Ajudas ao Sector Musical para a Circula\u00e7\u00e3o.<\/p>\n<p><strong>\u00a0<\/strong><\/p>\n<ul>\n<li>1 de setembro: Sabura Festival, Sesimbra, Portugal<\/li>\n<li>27 de setembro: Casa da M\u00fasica, Porto, Portugal<\/li>\n<li>28 de setembro: Mundu N\u00f4bu Experience, Lisboa, Portugal<\/li>\n<\/ul>\n","protected":false},"excerpt":{"rendered":"<p>DJ MAM (Marco Aur\u00e9lio Marinho) \u00e9 multi-artista, m\u00fasico, compositor, cantor, performer, produtor musical, curador, diretor de arte e DJ nascido no sub\u00farbio do Rio de Janeiro, \u00e9 ativista das causas ambientais e clim\u00e1ticas. Carrega a ancestralidade mesti\u00e7a brasileira. &nbsp; MAM foi o residente da Casa Brasil nos Jogos Ol\u00edmpicos de Paris 2024, se apresentou em [&hellip;]<\/p>\n","protected":false},"author":7,"featured_media":19894,"comment_status":"closed","ping_status":"closed","sticky":false,"template":"","format":"standard","meta":{"footnotes":""},"categories":[218],"tags":[],"class_list":["post-19897","post","type-post","status-publish","format-standard","has-post-thumbnail","hentry","category-noticias-generales-pt"],"lang":"pt","translations":{"pt":19897,"es":19893},"pll_sync_post":[],"post_mailing_queue_ids":[],"_links":{"self":[{"href":"http:\/\/staging.ibermusicas.org\/index.php\/wp-json\/wp\/v2\/posts\/19897","targetHints":{"allow":["GET"]}}],"collection":[{"href":"http:\/\/staging.ibermusicas.org\/index.php\/wp-json\/wp\/v2\/posts"}],"about":[{"href":"http:\/\/staging.ibermusicas.org\/index.php\/wp-json\/wp\/v2\/types\/post"}],"author":[{"embeddable":true,"href":"http:\/\/staging.ibermusicas.org\/index.php\/wp-json\/wp\/v2\/users\/7"}],"replies":[{"embeddable":true,"href":"http:\/\/staging.ibermusicas.org\/index.php\/wp-json\/wp\/v2\/comments?post=19897"}],"version-history":[{"count":1,"href":"http:\/\/staging.ibermusicas.org\/index.php\/wp-json\/wp\/v2\/posts\/19897\/revisions"}],"predecessor-version":[{"id":19899,"href":"http:\/\/staging.ibermusicas.org\/index.php\/wp-json\/wp\/v2\/posts\/19897\/revisions\/19899"}],"wp:featuredmedia":[{"embeddable":true,"href":"http:\/\/staging.ibermusicas.org\/index.php\/wp-json\/wp\/v2\/media\/19894"}],"wp:attachment":[{"href":"http:\/\/staging.ibermusicas.org\/index.php\/wp-json\/wp\/v2\/media?parent=19897"}],"wp:term":[{"taxonomy":"category","embeddable":true,"href":"http:\/\/staging.ibermusicas.org\/index.php\/wp-json\/wp\/v2\/categories?post=19897"},{"taxonomy":"post_tag","embeddable":true,"href":"http:\/\/staging.ibermusicas.org\/index.php\/wp-json\/wp\/v2\/tags?post=19897"}],"curies":[{"name":"wp","href":"https:\/\/api.w.org\/{rel}","templated":true}]}}