{"id":19901,"date":"2024-08-30T17:36:33","date_gmt":"2024-08-30T17:36:33","guid":{"rendered":"http:\/\/staging.ibermusicas.org\/?p=19901"},"modified":"2024-09-30T14:03:42","modified_gmt":"2024-09-30T14:03:42","slug":"el-baterista-y-compositor-mexicano-adrian-oropeza-estara-de-gira-por-brasil-chile-y-colombia-con-su-propuesta-bateria-y-nuevas-tecnologias","status":"publish","type":"post","link":"http:\/\/staging.ibermusicas.org\/index.php\/el-baterista-y-compositor-mexicano-adrian-oropeza-estara-de-gira-por-brasil-chile-y-colombia-con-su-propuesta-bateria-y-nuevas-tecnologias\/","title":{"rendered":"El baterista y compositor mexicano Adri\u00e1n Oropeza estar\u00e1 de gira por Brasil, Chile y Colombia con su propuesta \u201cBater\u00eda y nuevas tecnolog\u00edas\u201d"},"content":{"rendered":"<p>Adri\u00e1n Oropeza participar\u00e1 en diversos encuentros en R\u00edo de Janeiro, Brasil; Valdivia, Chile y Bogot\u00e1, Colombia con su proyecto \u201cBater\u00eda y Nuevas Tecnolog\u00edas\u201d. En R\u00edo de Janeiro tambi\u00e9n formar\u00e1 parte de las actividades del A\u00f1o Dual M\u00e9xico-Brasil con un concierto de su proyecto de jazz, acompa\u00f1ado por m\u00fasicos de ese pa\u00eds.<\/p>\n<p>\u201cBater\u00eda y Nuevas Tecnolog\u00edas\u201d est\u00e1 integrado por la interpretaci\u00f3n de composiciones originales para bater\u00eda, percusi\u00f3n electr\u00f3nica y nuevas tecnolog\u00edas, con un sonido, timbre y atm\u00f3sferas innovadoras que llevan a las audiencias a experimentar sensaciones y emociones \u00fanicas y singulares.<\/p>\n<p>Con una trayectoria de m\u00e1s de tres d\u00e9cadas en la m\u00fasica y dieciocho a\u00f1os en el jazz mexicano, Adri\u00e1n Oropeza se adentra en las nuevas tecnolog\u00edas en busca de experimentar con diferentes formas de interpretaci\u00f3n y descubrir nuevas propuestas sonoras.<\/p>\n<p>La fusi\u00f3n de instrumentos ac\u00fasticos con las nuevas tecnolog\u00edas constituye una iniciativa vanguardista y representa una de las tendencias m\u00e1s innovadoras en la m\u00fasica contempor\u00e1nea. Difundir estas propuestas es esencial para transferir el conocimiento y acercar a las nuevas generaciones de m\u00fasicos a la bater\u00eda y al uso de las tecnolog\u00edas como eje de formaci\u00f3n en estas tendencias. Esto impulsar\u00e1 y atraer\u00e1 a muchas generaciones de j\u00f3venes m\u00fasicos hacia este g\u00e9nero.<\/p>\n<p>Las composiciones son Geometr\u00eda Mental (bater\u00eda y electr\u00f3nica) del compositor Rodrigo Sigal; Trance-fusi\u00f3n (bater\u00eda y electr\u00f3nica) y Puente (Steel Drum, bater\u00eda y Electr\u00f3nica) ambas del compositor Francisco Villegas y Zeroth o un robot no har\u00e1 da\u00f1o a la m\u00fasica (para bater\u00eda y electr\u00f3nica) del compositor Josu\u00e9 Collado.<\/p>\n<p>Adem\u00e1s, llevar\u00e1 a cabo el estreno mundial de seis obras para bater\u00eda y nuevas tecnolog\u00edas comisionadas a mujeres compositoras, las mexicanas Tania Tovar y Paulina A. Monte\u00f3n y las colombianas Juliana Ortigoza, Laura Zapata, Catalina G\u00f3mez y Luisa F. Pach\u00f3n, elegidas durante una convocatoria del Festival en Tiempo Real de Bogot\u00e1, encuentro que promueve la intersecci\u00f3n entre g\u00e9nero-sexualidades, sonido y tecnolog\u00eda.<\/p>\n<p>Esta gira de Adri\u00e1n Oropeza cuenta con el apoyo de Iberm\u00fasicas mediante sus Ayudas a la Circulaci\u00f3n, convocatoria 2023.<\/p>\n<ul>\n<li>Del 1 al 7 de septiembre: Programa de posgrado en Artes y Cultura de la Universidad Federal de R\u00edo de Janeiro UNIRIO;<\/li>\n<li>Del 8 al 14 de septiembre en el ciclo de M\u00fasica Electroac\u00fastica de la Universidad Austral de Chile, con sede en Valdivia.<\/li>\n<li>Del 15 al 22 de septiembre en el Festival En Tiempo Real, en Bogot\u00e1, Colombia<\/li>\n<\/ul>\n","protected":false},"excerpt":{"rendered":"<p>Adri\u00e1n Oropeza participar\u00e1 en diversos encuentros en R\u00edo de Janeiro, Brasil; Valdivia, Chile y Bogot\u00e1, Colombia con su proyecto \u201cBater\u00eda y Nuevas Tecnolog\u00edas\u201d. En R\u00edo de Janeiro tambi\u00e9n formar\u00e1 parte de las actividades del A\u00f1o Dual M\u00e9xico-Brasil con un concierto de su proyecto de jazz, acompa\u00f1ado por m\u00fasicos de ese pa\u00eds. \u201cBater\u00eda y Nuevas Tecnolog\u00edas\u201d [&hellip;]<\/p>\n","protected":false},"author":7,"featured_media":19902,"comment_status":"closed","ping_status":"closed","sticky":false,"template":"","format":"standard","meta":{"footnotes":""},"categories":[53],"tags":[],"class_list":["post-19901","post","type-post","status-publish","format-standard","has-post-thumbnail","hentry","category-noticias-generales"],"lang":"es","translations":{"es":19901,"pt":19906},"pll_sync_post":[],"post_mailing_queue_ids":[],"_links":{"self":[{"href":"http:\/\/staging.ibermusicas.org\/index.php\/wp-json\/wp\/v2\/posts\/19901","targetHints":{"allow":["GET"]}}],"collection":[{"href":"http:\/\/staging.ibermusicas.org\/index.php\/wp-json\/wp\/v2\/posts"}],"about":[{"href":"http:\/\/staging.ibermusicas.org\/index.php\/wp-json\/wp\/v2\/types\/post"}],"author":[{"embeddable":true,"href":"http:\/\/staging.ibermusicas.org\/index.php\/wp-json\/wp\/v2\/users\/7"}],"replies":[{"embeddable":true,"href":"http:\/\/staging.ibermusicas.org\/index.php\/wp-json\/wp\/v2\/comments?post=19901"}],"version-history":[{"count":1,"href":"http:\/\/staging.ibermusicas.org\/index.php\/wp-json\/wp\/v2\/posts\/19901\/revisions"}],"predecessor-version":[{"id":19904,"href":"http:\/\/staging.ibermusicas.org\/index.php\/wp-json\/wp\/v2\/posts\/19901\/revisions\/19904"}],"wp:featuredmedia":[{"embeddable":true,"href":"http:\/\/staging.ibermusicas.org\/index.php\/wp-json\/wp\/v2\/media\/19902"}],"wp:attachment":[{"href":"http:\/\/staging.ibermusicas.org\/index.php\/wp-json\/wp\/v2\/media?parent=19901"}],"wp:term":[{"taxonomy":"category","embeddable":true,"href":"http:\/\/staging.ibermusicas.org\/index.php\/wp-json\/wp\/v2\/categories?post=19901"},{"taxonomy":"post_tag","embeddable":true,"href":"http:\/\/staging.ibermusicas.org\/index.php\/wp-json\/wp\/v2\/tags?post=19901"}],"curies":[{"name":"wp","href":"https:\/\/api.w.org\/{rel}","templated":true}]}}