{"id":19906,"date":"2024-08-30T17:38:01","date_gmt":"2024-08-30T17:38:01","guid":{"rendered":"http:\/\/staging.ibermusicas.org\/?p=19906"},"modified":"2024-09-30T13:51:35","modified_gmt":"2024-09-30T13:51:35","slug":"o-baterista-e-compositor-mexicano-adrian-oropeza-vai-estar-em-tournee-por-brasil-chile-e-colombia-com-o-seu-projeto-drums-and-new-technologies","status":"publish","type":"post","link":"http:\/\/staging.ibermusicas.org\/index.php\/o-baterista-e-compositor-mexicano-adrian-oropeza-vai-estar-em-tournee-por-brasil-chile-e-colombia-com-o-seu-projeto-drums-and-new-technologies\/","title":{"rendered":"O baterista e compositor mexicano Adrian Oropeza vai estar em tourn\u00e9e por Brasil, Chile e Col\u00f4mbia\u00a0 com o seu projeto \u201cDrums and new technologies\u201d"},"content":{"rendered":"<p>Adri\u00e1n Oropeza participar\u00e1 em v\u00e1rios encontros no Rio de Janeiro, Brasil; Valdivia, Chile e Bogot\u00e1, Col\u00f4mbia com o seu projeto \u201cTambores e Novas Tecnologias\u201d. No Rio de Janeiro, participar\u00e1 tamb\u00e9m nas atividades do Ano Duplo M\u00e9xico-Brasil com um concerto do seu projeto de jazz, acompanhado por m\u00fasicos desse pa\u00eds.<\/p>\n<p>&nbsp;<\/p>\n<p>\u201cBateria e Novas Tecnologias\u201d \u00e9 constitu\u00eddo pela apresenta\u00e7\u00e3o de composi\u00e7\u00f5es originais para bateria, percuss\u00e3o eletr\u00f4nica e novas tecnologias, com uma sonoridade, timbre e atmosferas inovadoras que levam o p\u00fablico a experimentar sensa\u00e7\u00f5es e emo\u00e7\u00f5es \u00fanicas e singulares.<\/p>\n<p>&nbsp;<\/p>\n<p>Com uma carreira de mais de tr\u00eas d\u00e9cadas na m\u00fasica e dezoito anos no jazz mexicano, Adri\u00e1n Oropeza mergulha nas novas tecnologias em busca da experimenta\u00e7\u00e3o de diferentes formas de interpreta\u00e7\u00e3o e da descoberta de novas propostas sonoras.<\/p>\n<p>&nbsp;<\/p>\n<p>A fus\u00e3o de instrumentos ac\u00fasticos com novas tecnologias \u00e9 uma iniciativa de vanguarda e representa uma das tend\u00eancias mais inovadoras da m\u00fasica contempor\u00e2nea. A divulga\u00e7\u00e3o destas propostas \u00e9 essencial para a transfer\u00eancia de conhecimentos e para aproximar as novas gera\u00e7\u00f5es de m\u00fasicos da bateria e da utiliza\u00e7\u00e3o das tecnologias como base da forma\u00e7\u00e3o nestas tend\u00eancias. Isto ir\u00e1 encorajar e atrair muitas gera\u00e7\u00f5es de jovens m\u00fasicos para este g\u00e9nero.<\/p>\n<p>&nbsp;<\/p>\n<p>As composi\u00e7\u00f5es s\u00e3o Geometr\u00eda Mental (bateria e eletr\u00f3nica) do compositor Rodrigo Sigal; Trance-fusi\u00f3n (bateria e eletr\u00f3nica) e Puente (Steel Drum, bateria e<\/p>\n<p>Eletr\u00f3nica) ambas do compositor Francisco Villegas e Zeroth o un robot no har\u00e1 da\u00f1o a la m\u00fasica (para bateria e eletr\u00f3nica) do compositor Josu\u00e9 Collado.<\/p>\n<p>&nbsp;<\/p>\n<p>Al\u00e9m disso, apresentar\u00e1 a estreia mundial de seis obras para bateria e novas tecnologias encomendadas a mulheres compositoras, as mexicanas Tania Tovar e Paulina A. Monte\u00f3n e as compositoras colombianas Juliana Ortigoza, Laura Zapata, Catalina G\u00f3mez e Luisa F. Pach\u00f3n, escolhidas durante uma convocat\u00f3ria do Festival en Tiempo Real de Bogot\u00e1, um encontro que promove a intersec\u00e7\u00e3o entre g\u00eanero-sexualidades, som e tecnologia.<\/p>\n<p>&nbsp;<\/p>\n<p>Esta tourn\u00e9e de Adri\u00e1n Oropeza \u00e9 apoiada pelo Iberm\u00fasicas atrav\u00e9s das Ajudas a la Circula\u00e7\u00e3o, chamada para chamadas 2023.<\/p>\n<p>&nbsp;<\/p>\n<ul>\n<li>De 1 a 7 de setembro: Programa de P\u00f3s-Gradua\u00e7\u00e3o em Artes e Cultura da Universidade Federal do Estado do Rio de Janeiro UNIRIO;<\/li>\n<li>De 8 a 14 de setembro no Ciclo de M\u00fasica Electroac\u00fastica da Universidad Austral de Chile, com sede em Valdivia.<\/li>\n<li>De 15 a 22 de setembro no Festival En Tiempo Real, em Bogot\u00e1, Col\u00f4mbia.<\/li>\n<\/ul>\n","protected":false},"excerpt":{"rendered":"<p>Adri\u00e1n Oropeza participar\u00e1 em v\u00e1rios encontros no Rio de Janeiro, Brasil; Valdivia, Chile e Bogot\u00e1, Col\u00f4mbia com o seu projeto \u201cTambores e Novas Tecnologias\u201d. No Rio de Janeiro, participar\u00e1 tamb\u00e9m nas atividades do Ano Duplo M\u00e9xico-Brasil com um concerto do seu projeto de jazz, acompanhado por m\u00fasicos desse pa\u00eds. &nbsp; \u201cBateria e Novas Tecnologias\u201d \u00e9 [&hellip;]<\/p>\n","protected":false},"author":7,"featured_media":19902,"comment_status":"closed","ping_status":"closed","sticky":false,"template":"","format":"standard","meta":{"footnotes":""},"categories":[218],"tags":[],"class_list":["post-19906","post","type-post","status-publish","format-standard","has-post-thumbnail","hentry","category-noticias-generales-pt"],"lang":"pt","translations":{"pt":19906,"es":19901},"pll_sync_post":[],"post_mailing_queue_ids":[],"_links":{"self":[{"href":"http:\/\/staging.ibermusicas.org\/index.php\/wp-json\/wp\/v2\/posts\/19906","targetHints":{"allow":["GET"]}}],"collection":[{"href":"http:\/\/staging.ibermusicas.org\/index.php\/wp-json\/wp\/v2\/posts"}],"about":[{"href":"http:\/\/staging.ibermusicas.org\/index.php\/wp-json\/wp\/v2\/types\/post"}],"author":[{"embeddable":true,"href":"http:\/\/staging.ibermusicas.org\/index.php\/wp-json\/wp\/v2\/users\/7"}],"replies":[{"embeddable":true,"href":"http:\/\/staging.ibermusicas.org\/index.php\/wp-json\/wp\/v2\/comments?post=19906"}],"version-history":[{"count":1,"href":"http:\/\/staging.ibermusicas.org\/index.php\/wp-json\/wp\/v2\/posts\/19906\/revisions"}],"predecessor-version":[{"id":19908,"href":"http:\/\/staging.ibermusicas.org\/index.php\/wp-json\/wp\/v2\/posts\/19906\/revisions\/19908"}],"wp:featuredmedia":[{"embeddable":true,"href":"http:\/\/staging.ibermusicas.org\/index.php\/wp-json\/wp\/v2\/media\/19902"}],"wp:attachment":[{"href":"http:\/\/staging.ibermusicas.org\/index.php\/wp-json\/wp\/v2\/media?parent=19906"}],"wp:term":[{"taxonomy":"category","embeddable":true,"href":"http:\/\/staging.ibermusicas.org\/index.php\/wp-json\/wp\/v2\/categories?post=19906"},{"taxonomy":"post_tag","embeddable":true,"href":"http:\/\/staging.ibermusicas.org\/index.php\/wp-json\/wp\/v2\/tags?post=19906"}],"curies":[{"name":"wp","href":"https:\/\/api.w.org\/{rel}","templated":true}]}}