{"id":19916,"date":"2024-08-30T17:48:21","date_gmt":"2024-08-30T17:48:21","guid":{"rendered":"http:\/\/staging.ibermusicas.org\/?p=19916"},"modified":"2024-09-30T14:03:31","modified_gmt":"2024-09-30T14:03:31","slug":"el-gran-acordeonista-argentino-chango-spasiuk-lleva-a-cuba-los-sonidos-de-la-tierra-colorada","status":"publish","type":"post","link":"http:\/\/staging.ibermusicas.org\/index.php\/el-gran-acordeonista-argentino-chango-spasiuk-lleva-a-cuba-los-sonidos-de-la-tierra-colorada\/","title":{"rendered":"El gran acordeonista argentino Chango Spasiuk lleva a Cuba los sonidos de la tierra colorada"},"content":{"rendered":"<p>El gran acordeonista argentino Chango Spasiuk regresa a Cuba para encontrarse con un pueblo musical y refinado llevando los sonidos de la Tierra Colorada y dando a conocer todo sobre el chamam\u00e9 y el acorde\u00f3n como principal instrumento de ese estilo musical propio de su lugar de origen: Misiones, Argentina.<\/p>\n<p>&nbsp;<\/p>\n<p>Dar\u00e1 dos conciertos con m\u00fasicos cubanos como invitados, charlas magistrales en varias escuelas de arte y sesiones de grabaci\u00f3n en los m\u00edticos Estudios EGREM de La Habana.<\/p>\n<p>&nbsp;<\/p>\n<p>Chango Spasiuk es un acordeonista y compositor de la<br \/>\nProvincia de Misiones (noreste de la mesopotamia argentina, lindando con Brasil y Paraguay) que a lo largo de 30 a\u00f1os, logr\u00f3 profundizar la posibilidad de sumar las calificaciones de m\u00fasica acad\u00e9mica, folcl\u00f3rica, regional, universal, popular y culta, sin que ninguna denominaci\u00f3n anule a la otra.<\/p>\n<p>&nbsp;<\/p>\n<p>Chango Spasiuk ha lanzado diez \u00e1lbumes solistas en Argentina, entre ellos el multipremiado \u201cPolcas de mi tierra\u201d (1999). Su primer lanzamiento internacional \u201cTarefero de mis pagos\u201d le vali\u00f3 el premio BBC de M\u00fasica del Mundo (Mejor Artista Revelaci\u00f3n 2005, el premio Gardel de Argentina, as\u00ed como una nominaci\u00f3n al Grammy Latino en 2006). Su \u00e1lbum \u201cPynand\u00ed (los descalzos)\u201d lanzado a fines de 2008 fue ganador del premio Gardel a mejor artista masculino de folklore argentina.\u201d Tierra Colorada en el Teatro Col\u00f3n \u00bb (2014) premio Gardel 2015 como mejor disco de Chamam\u00e9 (cd + dvd grabado en vivo en el teatro Col\u00f3n de Buenos Aires).<\/p>\n<p>&nbsp;<\/p>\n<p>\u201cOtras m\u00fasicas\u201d, con su recorrido por piezas que Chango compuso para filmes, obras teatrales y proyectos documentales, ganador de dos premios Gardel a mejor \u00e1lbum folclore alternativo y mejor banda de sonido de m\u00fasica y tv. Su siguiente trabajo discogr\u00e1fico junto a Pedro Canale fue \u201cPino Europeo\u201d que versiona temas de \u201cPolcas de mi tierra\u201d con electr\u00f3nica y Dub.<\/p>\n<p>&nbsp;<\/p>\n<p>Su pen\u00faltimo discogr\u00e1fico fue el disco \u201cHielo Azul, Tierra Roja\u201d grabado en Oslo que realiz\u00f3 en 2019 junto con el guitarrista noruego Per Einar Watle, tres grandes m\u00fasicos noruegos Steinar Raknes, Kenneth Ekornes, Anne Gravir Klykken y el percusionista argentino Benjamin Marcos Villalba. Recibi\u00f3 grandes cr\u00edticas de los medios noruegos y, obtuvo el premio Gardel como mejor disco en la categor\u00eda \u201cChamam\u00e9\u201d<\/p>\n<p>&nbsp;<\/p>\n<p>Su \u00faltimo trabajo \u201cEik\u00e8! (Entrar en el alma) fue editado recientemente. Eik\u00e9! en lengua guaran\u00ed es la invitaci\u00f3n a entrar a un espacio interior. Este material cont\u00f3 con la participaci\u00f3n de importantes figuras : Gustavo Santaolalla, Carlos Nu\u00f1ez, Jaques Morelembaum , Erik Truffaz, Sixto Corbalan, Per Einar Watle, Steinar Raknes, Boubacar Cissoko, Marcelo Dellamea, Majid Bekkas y Franco Luciani.<\/p>\n<p>&nbsp;<\/p>\n<p>Ha hecho giras por diversos pa\u00edses como: Toda la Argentina &#8211; Canad\u00e1 &#8211; EEUU &#8211; Brasil &#8211; Paraguay &#8211; Chile &#8211; Uruguay &#8211; Holanda &#8211; Francia &#8211; Inglaterra &#8211; Escocia &#8211; Ucrania &#8211; Polonia &#8211; China &#8211; Eslovenia &#8211; Alemania &#8211; Austria &#8211; Espa\u00f1a &#8211; Portugal &#8211; B\u00e9lgica -Noruega &#8211; Dinamarca- M\u00e9xico.<\/p>\n<p>&nbsp;<\/p>\n<p>En 2005 recibi\u00f3 el premio Konex de Platino como El Solista Masculino de Folklore de la D\u00e9cada. En 2015 recibi\u00f3 el t\u00edtulo de Doctor Honoris Causa de la Universidad Nacional de Misiones Argentina por su labor cultural.<\/p>\n<p>&nbsp;<\/p>\n<p>Esta gira cuenta con el apoyo de Iberm\u00fasicas mediante sus Ayudas a la Circulaci\u00f3n Internacional, convocatoria 2023.<\/p>\n<p>&nbsp;<\/p>\n<ul>\n<li>4 de septiembre 10h: Clase magistral en Escuela Provincial de Arte de Matanzas<\/li>\n<li>4 de septiembre 17h: Concierto junto a Rodrigo Sosa en Sala de Conciertos Jos\u00e9 White, Matanzas<\/li>\n<li>6 al 11 de septiembre: Sesiones de grabaci\u00f3n en estudios EGREM de La Habana<\/li>\n<li>10 de septiembre 10h: Clase magistral en Escuela Nacional de Arte de La Habana<\/li>\n<li>11 de septiembre: Clase magistral en Escuelas de Arte (nivel medio y superior)<\/li>\n<li>12 de septiembre 19h: Concierto junto a Rodrigo Sosa en Teatro del Museo Nacional de Bellas Artes de La Habana<\/li>\n<li>13 de septiembre: Grabaci\u00f3n en los estudios EGREM, en La Habana.<\/li>\n<\/ul>\n","protected":false},"excerpt":{"rendered":"<p>El gran acordeonista argentino Chango Spasiuk regresa a Cuba para encontrarse con un pueblo musical y refinado llevando los sonidos de la Tierra Colorada y dando a conocer todo sobre el chamam\u00e9 y el acorde\u00f3n como principal instrumento de ese estilo musical propio de su lugar de origen: Misiones, Argentina. &nbsp; Dar\u00e1 dos conciertos con [&hellip;]<\/p>\n","protected":false},"author":7,"featured_media":19918,"comment_status":"closed","ping_status":"closed","sticky":false,"template":"","format":"standard","meta":{"footnotes":""},"categories":[53],"tags":[],"class_list":["post-19916","post","type-post","status-publish","format-standard","has-post-thumbnail","hentry","category-noticias-generales"],"lang":"es","translations":{"es":19916,"pt":19920},"pll_sync_post":[],"post_mailing_queue_ids":[],"_links":{"self":[{"href":"http:\/\/staging.ibermusicas.org\/index.php\/wp-json\/wp\/v2\/posts\/19916","targetHints":{"allow":["GET"]}}],"collection":[{"href":"http:\/\/staging.ibermusicas.org\/index.php\/wp-json\/wp\/v2\/posts"}],"about":[{"href":"http:\/\/staging.ibermusicas.org\/index.php\/wp-json\/wp\/v2\/types\/post"}],"author":[{"embeddable":true,"href":"http:\/\/staging.ibermusicas.org\/index.php\/wp-json\/wp\/v2\/users\/7"}],"replies":[{"embeddable":true,"href":"http:\/\/staging.ibermusicas.org\/index.php\/wp-json\/wp\/v2\/comments?post=19916"}],"version-history":[{"count":1,"href":"http:\/\/staging.ibermusicas.org\/index.php\/wp-json\/wp\/v2\/posts\/19916\/revisions"}],"predecessor-version":[{"id":19919,"href":"http:\/\/staging.ibermusicas.org\/index.php\/wp-json\/wp\/v2\/posts\/19916\/revisions\/19919"}],"wp:featuredmedia":[{"embeddable":true,"href":"http:\/\/staging.ibermusicas.org\/index.php\/wp-json\/wp\/v2\/media\/19918"}],"wp:attachment":[{"href":"http:\/\/staging.ibermusicas.org\/index.php\/wp-json\/wp\/v2\/media?parent=19916"}],"wp:term":[{"taxonomy":"category","embeddable":true,"href":"http:\/\/staging.ibermusicas.org\/index.php\/wp-json\/wp\/v2\/categories?post=19916"},{"taxonomy":"post_tag","embeddable":true,"href":"http:\/\/staging.ibermusicas.org\/index.php\/wp-json\/wp\/v2\/tags?post=19916"}],"curies":[{"name":"wp","href":"https:\/\/api.w.org\/{rel}","templated":true}]}}