{"id":19936,"date":"2024-08-30T17:59:54","date_gmt":"2024-08-30T17:59:54","guid":{"rendered":"http:\/\/staging.ibermusicas.org\/?p=19936"},"modified":"2024-09-30T14:03:20","modified_gmt":"2024-09-30T14:03:20","slug":"nahuel-colectivo-realizara-su-festival-aniversario-con-dos-grandes-encuentros-en-porto-y-en-lisboa","status":"publish","type":"post","link":"http:\/\/staging.ibermusicas.org\/index.php\/nahuel-colectivo-realizara-su-festival-aniversario-con-dos-grandes-encuentros-en-porto-y-en-lisboa\/","title":{"rendered":"Nahuel Colectivo realizar\u00e1 su festival aniversario con dos grandes encuentros en Porto y en Lisboa"},"content":{"rendered":"<p>Nahuel Colectivo se dedica a la producci\u00f3n y difusi\u00f3n de m\u00fasica y visuales de Am\u00e9rica Latina. Con sede en Lisboa, el colectivo pretende transmitir y recuperar la tradici\u00f3n sonora de Tijuana a Tierra de Fuego, de Cartagena a Buenos Aires, creando fusiones con los ritmos y elementos de ayer y de hoy.<\/p>\n<p>&nbsp;<\/p>\n<p>Este encuentro, de dos d\u00edas, entre las ciudades de Porto y Lisboa, fusiona propuestas, llenas de sonidos tropicales, cumbias tradicionales y neo fusiones de ritmos cl\u00e1sicos y electr\u00f3nicos. Desde dj&#8217;s hasta concierto en vivo, logrando as\u00ed compartir el resultado de a\u00f1os de investigaci\u00f3n y experimentaci\u00f3n, invitando a todas las comunidades a participar de esta exploraci\u00f3n folkl\u00f3rica abierta al intercambio y nutrici\u00f3n mutua entre culturas.<\/p>\n<p>&nbsp;<\/p>\n<p>Es as\u00ed, que el s\u00e1bado 7 de septiembre en la<\/p>\n<p>Associa\u00e7\u00e3o De Moradores Da Bou\u00e7a, Porto, se celebr\u00e1\u00a0 la fiesta Baile &amp; Libertad en co-producci\u00f3n de Nahuel Colectivo &amp; Guateque Soundz con la presencia de Don Plok (Ar), Ritmos Cholulteka (Mx), Caliente Isa (Ve) y Charrock (Mx) y el domingo 8 de septiembre seguir\u00e1 la fiesta en Lisboa en el Miradouro de Baixo, centro de Lisboa, con la presencia de Don Plok (Ar), concierto de San la Muerte Cumbia Club (Pt) e os Dj\u00b4s de Nahuel Colectivo, Dj Guillotina (Ur) e Ritmos Cholulteka (Mx).<\/p>\n<p>&nbsp;<\/p>\n<p>El Festival de Nahuel Colectivo ha sido ganador de las ayudas a la programaci\u00f3n de Iberm\u00fasicas, convocatoria 2023.<\/p>\n<p>&nbsp;<\/p>\n<p>&nbsp;<\/p>\n<ul>\n<li>7 de setembro, 16h: Associa\u00e7\u00e3o De Moradores Da Bou\u00e7a, Rua dos Burg\u00e3es 345, Porto, Portugal<\/li>\n<li>8 de setembro, 18h: Miradouro de Baixo, Rua de S\u00e3o L\u00e1zaro 72, Lisboa<\/li>\n<\/ul>\n","protected":false},"excerpt":{"rendered":"<p>Nahuel Colectivo se dedica a la producci\u00f3n y difusi\u00f3n de m\u00fasica y visuales de Am\u00e9rica Latina. Con sede en Lisboa, el colectivo pretende transmitir y recuperar la tradici\u00f3n sonora de Tijuana a Tierra de Fuego, de Cartagena a Buenos Aires, creando fusiones con los ritmos y elementos de ayer y de hoy. &nbsp; Este encuentro, [&hellip;]<\/p>\n","protected":false},"author":7,"featured_media":19938,"comment_status":"closed","ping_status":"closed","sticky":false,"template":"","format":"standard","meta":{"footnotes":""},"categories":[53],"tags":[],"class_list":["post-19936","post","type-post","status-publish","format-standard","has-post-thumbnail","hentry","category-noticias-generales"],"lang":"es","translations":{"es":19936,"pt":19941},"pll_sync_post":[],"post_mailing_queue_ids":[],"_links":{"self":[{"href":"http:\/\/staging.ibermusicas.org\/index.php\/wp-json\/wp\/v2\/posts\/19936","targetHints":{"allow":["GET"]}}],"collection":[{"href":"http:\/\/staging.ibermusicas.org\/index.php\/wp-json\/wp\/v2\/posts"}],"about":[{"href":"http:\/\/staging.ibermusicas.org\/index.php\/wp-json\/wp\/v2\/types\/post"}],"author":[{"embeddable":true,"href":"http:\/\/staging.ibermusicas.org\/index.php\/wp-json\/wp\/v2\/users\/7"}],"replies":[{"embeddable":true,"href":"http:\/\/staging.ibermusicas.org\/index.php\/wp-json\/wp\/v2\/comments?post=19936"}],"version-history":[{"count":1,"href":"http:\/\/staging.ibermusicas.org\/index.php\/wp-json\/wp\/v2\/posts\/19936\/revisions"}],"predecessor-version":[{"id":19939,"href":"http:\/\/staging.ibermusicas.org\/index.php\/wp-json\/wp\/v2\/posts\/19936\/revisions\/19939"}],"wp:featuredmedia":[{"embeddable":true,"href":"http:\/\/staging.ibermusicas.org\/index.php\/wp-json\/wp\/v2\/media\/19938"}],"wp:attachment":[{"href":"http:\/\/staging.ibermusicas.org\/index.php\/wp-json\/wp\/v2\/media?parent=19936"}],"wp:term":[{"taxonomy":"category","embeddable":true,"href":"http:\/\/staging.ibermusicas.org\/index.php\/wp-json\/wp\/v2\/categories?post=19936"},{"taxonomy":"post_tag","embeddable":true,"href":"http:\/\/staging.ibermusicas.org\/index.php\/wp-json\/wp\/v2\/tags?post=19936"}],"curies":[{"name":"wp","href":"https:\/\/api.w.org\/{rel}","templated":true}]}}