{"id":19941,"date":"2024-08-30T18:01:16","date_gmt":"2024-08-30T18:01:16","guid":{"rendered":"http:\/\/staging.ibermusicas.org\/?p=19941"},"modified":"2024-09-30T13:51:16","modified_gmt":"2024-09-30T13:51:16","slug":"o-nahuel-coletivo-vai-realizar-o-seu-festival-de-aniversario-com-dois-grandes-eventos-no-porto-e-em-lisboa","status":"publish","type":"post","link":"http:\/\/staging.ibermusicas.org\/index.php\/o-nahuel-coletivo-vai-realizar-o-seu-festival-de-aniversario-com-dois-grandes-eventos-no-porto-e-em-lisboa\/","title":{"rendered":"O Nahuel Coletivo vai realizar o seu festival de anivers\u00e1rio com dois grandes eventos no Porto e em Lisboa"},"content":{"rendered":"<p>O Nahuel Coletivo dedica-se \u00e0 produ\u00e7\u00e3o e divulga\u00e7\u00e3o de m\u00fasica e visuais da Am\u00e9rica Latina. Com sede em Lisboa, o coletivo pretende transmitir e recuperar a tradi\u00e7\u00e3o sonora de Tijuana \u00e0 Terra do Fogo, de Cartagena a Buenos Aires, criando fus\u00f5es com os ritmos e elementos de ontem e de hoje.<\/p>\n<p>&nbsp;<\/p>\n<p>Este encontro de dois dias, entre as cidades do Porto e de Lisboa, funde propostas cheias de sons tropicais, cumbias tradicionais e neo fus\u00f5es de ritmos cl\u00e1ssicos e electr\u00f3nicos. Desde dj&#8217;s a concertos ao vivo, partilhando o resultado de anos de pesquisa e experimenta\u00e7\u00e3o, convidando todas as comunidades a participar nesta explora\u00e7\u00e3o folcl\u00f3rica aberta ao interc\u00e2mbio e alimenta\u00e7\u00e3o m\u00fatua entre culturas.<\/p>\n<p>&nbsp;<\/p>\n<p>Assim, no s\u00e1bado, dia 7 de setembro, na Associa\u00e7\u00e3o De Moradores Da Bou\u00e7a, Porto, ter\u00e1 lugar a festa Baile &amp; Libertad em coprodu\u00e7\u00e3o de Nahuel Coletivo &amp; Guateque Soundz com a presen\u00e7a de Don Plok (Ar), Ritmos Cholulteka (Mx), Caliente Isa (Ve) e Charrock (Mx) e no domingo 8 de setembro a festa continua em Lisboa no Miradouro de Baixo, na baixa lisboeta, com a presen\u00e7a de Don Plok (Ar), concerto de San la Muerte Cumbia Club (Pt) e os DJ&#8217;s de Nahuel Coletivo, Dj Guillotina (Ur) e Ritmos Cholulteka (Mx).<\/p>\n<p>&nbsp;<\/p>\n<p>O Festival Nahuel Coletivo foi vencedor das ajudas \u00e0 programa\u00e7\u00e3o do Programa Iberm\u00fasicas, chamadas 2023.<\/p>\n<p>&nbsp;<\/p>\n<ul>\n<li>7 setembro, 16h: Associa\u00e7\u00e3o De Moradores Da Bou\u00e7a, Rua dos Burg\u00e3es 345, Porto, Portugal<\/li>\n<li>8 de setembro, 18h: Miradouro de Baixo, Rua de S\u00e3o L\u00e1zaro 72, Lisboa, Portugal<\/li>\n<\/ul>\n","protected":false},"excerpt":{"rendered":"<p>O Nahuel Coletivo dedica-se \u00e0 produ\u00e7\u00e3o e divulga\u00e7\u00e3o de m\u00fasica e visuais da Am\u00e9rica Latina. Com sede em Lisboa, o coletivo pretende transmitir e recuperar a tradi\u00e7\u00e3o sonora de Tijuana \u00e0 Terra do Fogo, de Cartagena a Buenos Aires, criando fus\u00f5es com os ritmos e elementos de ontem e de hoje. &nbsp; Este encontro de [&hellip;]<\/p>\n","protected":false},"author":7,"featured_media":19938,"comment_status":"closed","ping_status":"closed","sticky":false,"template":"","format":"standard","meta":{"footnotes":""},"categories":[218],"tags":[],"class_list":["post-19941","post","type-post","status-publish","format-standard","has-post-thumbnail","hentry","category-noticias-generales-pt"],"lang":"pt","translations":{"pt":19941,"es":19936},"pll_sync_post":[],"post_mailing_queue_ids":[],"_links":{"self":[{"href":"http:\/\/staging.ibermusicas.org\/index.php\/wp-json\/wp\/v2\/posts\/19941","targetHints":{"allow":["GET"]}}],"collection":[{"href":"http:\/\/staging.ibermusicas.org\/index.php\/wp-json\/wp\/v2\/posts"}],"about":[{"href":"http:\/\/staging.ibermusicas.org\/index.php\/wp-json\/wp\/v2\/types\/post"}],"author":[{"embeddable":true,"href":"http:\/\/staging.ibermusicas.org\/index.php\/wp-json\/wp\/v2\/users\/7"}],"replies":[{"embeddable":true,"href":"http:\/\/staging.ibermusicas.org\/index.php\/wp-json\/wp\/v2\/comments?post=19941"}],"version-history":[{"count":1,"href":"http:\/\/staging.ibermusicas.org\/index.php\/wp-json\/wp\/v2\/posts\/19941\/revisions"}],"predecessor-version":[{"id":19942,"href":"http:\/\/staging.ibermusicas.org\/index.php\/wp-json\/wp\/v2\/posts\/19941\/revisions\/19942"}],"wp:featuredmedia":[{"embeddable":true,"href":"http:\/\/staging.ibermusicas.org\/index.php\/wp-json\/wp\/v2\/media\/19938"}],"wp:attachment":[{"href":"http:\/\/staging.ibermusicas.org\/index.php\/wp-json\/wp\/v2\/media?parent=19941"}],"wp:term":[{"taxonomy":"category","embeddable":true,"href":"http:\/\/staging.ibermusicas.org\/index.php\/wp-json\/wp\/v2\/categories?post=19941"},{"taxonomy":"post_tag","embeddable":true,"href":"http:\/\/staging.ibermusicas.org\/index.php\/wp-json\/wp\/v2\/tags?post=19941"}],"curies":[{"name":"wp","href":"https:\/\/api.w.org\/{rel}","templated":true}]}}