{"id":19971,"date":"2024-08-30T18:31:40","date_gmt":"2024-08-30T18:31:40","guid":{"rendered":"http:\/\/staging.ibermusicas.org\/?p=19971"},"modified":"2024-09-30T14:03:08","modified_gmt":"2024-09-30T14:03:08","slug":"dantor-la-agrupacion-mexicana-de-jazz-y-world-music-realizara-una-amplia-gira-por-escenarios-de-portugal-espana-y-el-reino-unido","status":"publish","type":"post","link":"http:\/\/staging.ibermusicas.org\/index.php\/dantor-la-agrupacion-mexicana-de-jazz-y-world-music-realizara-una-amplia-gira-por-escenarios-de-portugal-espana-y-el-reino-unido\/","title":{"rendered":"Dantor, la agrupaci\u00f3n mexicana de jazz y world music realizar\u00e1 una amplia gira por escenarios de Portugal, Espa\u00f1a y el Reino Unido"},"content":{"rendered":"<p>Dantor de M\u00e9xico realizar\u00e1 una gira de conciertos present\u00e1ndose en foros, auditorios y espacios culturales de Portugal, Espa\u00f1a y el Reino Unido. Pasi\u00f3n, b\u00fasqueda y experimentaci\u00f3n son sellos de Dantor, proyecto integral de m\u00fasica fusi\u00f3n mexicana nacida para ser disfrutada en vivo, donde cada nota es canal para, en comunidad, expresar lo inexpresable.<\/p>\n<p>&nbsp;<\/p>\n<p>El sue\u00f1o del guitarrista mazatleco Daniel Torres de compartir sus experiencias vividas durante a\u00f1os de exploraciones sonoras en Sudam\u00e9rica se condensa en Dantor, proyecto que desde 2014 abreva del jazz, la m\u00fasica mexicana y del mundo para ofrecer experiencias sonoras con altas dosis de emoci\u00f3n.<\/p>\n<p>&nbsp;<\/p>\n<p>Inspiraci\u00f3n, t\u00e9cnica y tecnolog\u00eda suman al talento de sus integrantes, Daniel Torres (guitarra y vocales), Israel Torres (viol\u00edn), Aar\u00f3n Cruz (bajo), Hiram Gris (bater\u00eda) y Daniel Vadillo (piano y sintetizador), creando postales musicales de inimitable textura sonora. La banda aborda la necesidad de comunicar la nueva m\u00fasica de ra\u00edz en M\u00e9xico y Latinoam\u00e9rica con honestidad.<\/p>\n<p>&nbsp;<\/p>\n<p>A trav\u00e9s de los a\u00f1os, se han convertido en portavoces de la creaci\u00f3n instrumental contempor\u00e1nea en M\u00e9xico. Se ha presentado en reconocidos foros en M\u00e9xico y el mundo, sumando m\u00e1s de 250 funciones en ocho pa\u00edses de tres continentes.<\/p>\n<p>&nbsp;<\/p>\n<p>Con esta gira Dantor celebra la primera d\u00e9cada de existencia de su proyecto y el lanzamiento de su nuevo \u00e1lbum RAM\u00c9, coproducido con Salvador Tercero.<\/p>\n<p>&nbsp;<\/p>\n<p>La propuesta de Dantor fue elegida por segunda<\/p>\n<p>ocasi\u00f3n por Iberm\u00fasicas para realizar \u00e9sta gira 2024, habiendo sido galardonados ya en 2019.<\/p>\n<p>&nbsp;<\/p>\n<p>&nbsp;<\/p>\n<ul>\n<li>14 de septiembre Zeffirrelli&#8217;s Jazz Club, Ambelside, Reino Unido<\/li>\n<li>15 de septiembre, Club Domino, Leeds, Reino Unido<\/li>\n<li>19 de septiembre, Libreria Byron, Barcelona, Espa\u00f1a<\/li>\n<li>20 de septiembre, El Susurro, Barcelona, Espa\u00f1a<\/li>\n<li>21 de septiembre, Confussion Jazz Club, Baracaldo, Espa\u00f1a<\/li>\n<li>22 de septiembre, Rvbicon, Santander, Espa\u00f1a<\/li>\n<li>24 de septiembre, El Gallo Rojo, Sevilla, Espa\u00f1a<\/li>\n<li>25 de septiembre, Black Note Club, Valencia, Espa\u00f1a<\/li>\n<li>26 de septiembre, Casa de M\u00e9xico, Madrid, Espa\u00f1a<\/li>\n<li>27 de septiembre, Casa de M\u00e9xico, Madrid, Espa\u00f1a<\/li>\n<li>28 de septiembre, Hotel Chellah, Tanger, Marruecos<\/li>\n<li>29 de septiembre, Hotel Chellah, Tanger, Marruecos<\/li>\n<li>01 de octubre, O Transistor, Galicia, Espa\u00f1a<\/li>\n<li>02 de octubre, La Borriquita, Galicia, Espa\u00f1a<\/li>\n<li>03 de octubre, Meidinerz Jazz Club, Galicia, Espa\u00f1a<\/li>\n<li>05 de octubre, F\u00e1brica Bra\u00e7o de Prata, Lisboa, Portugal<\/li>\n<\/ul>\n","protected":false},"excerpt":{"rendered":"<p>Dantor de M\u00e9xico realizar\u00e1 una gira de conciertos present\u00e1ndose en foros, auditorios y espacios culturales de Portugal, Espa\u00f1a y el Reino Unido. Pasi\u00f3n, b\u00fasqueda y experimentaci\u00f3n son sellos de Dantor, proyecto integral de m\u00fasica fusi\u00f3n mexicana nacida para ser disfrutada en vivo, donde cada nota es canal para, en comunidad, expresar lo inexpresable. &nbsp; El [&hellip;]<\/p>\n","protected":false},"author":7,"featured_media":19973,"comment_status":"closed","ping_status":"closed","sticky":false,"template":"","format":"standard","meta":{"footnotes":""},"categories":[53],"tags":[],"class_list":["post-19971","post","type-post","status-publish","format-standard","has-post-thumbnail","hentry","category-noticias-generales"],"lang":"es","translations":{"es":19971,"pt":19975},"pll_sync_post":[],"post_mailing_queue_ids":[],"_links":{"self":[{"href":"http:\/\/staging.ibermusicas.org\/index.php\/wp-json\/wp\/v2\/posts\/19971","targetHints":{"allow":["GET"]}}],"collection":[{"href":"http:\/\/staging.ibermusicas.org\/index.php\/wp-json\/wp\/v2\/posts"}],"about":[{"href":"http:\/\/staging.ibermusicas.org\/index.php\/wp-json\/wp\/v2\/types\/post"}],"author":[{"embeddable":true,"href":"http:\/\/staging.ibermusicas.org\/index.php\/wp-json\/wp\/v2\/users\/7"}],"replies":[{"embeddable":true,"href":"http:\/\/staging.ibermusicas.org\/index.php\/wp-json\/wp\/v2\/comments?post=19971"}],"version-history":[{"count":1,"href":"http:\/\/staging.ibermusicas.org\/index.php\/wp-json\/wp\/v2\/posts\/19971\/revisions"}],"predecessor-version":[{"id":19974,"href":"http:\/\/staging.ibermusicas.org\/index.php\/wp-json\/wp\/v2\/posts\/19971\/revisions\/19974"}],"wp:featuredmedia":[{"embeddable":true,"href":"http:\/\/staging.ibermusicas.org\/index.php\/wp-json\/wp\/v2\/media\/19973"}],"wp:attachment":[{"href":"http:\/\/staging.ibermusicas.org\/index.php\/wp-json\/wp\/v2\/media?parent=19971"}],"wp:term":[{"taxonomy":"category","embeddable":true,"href":"http:\/\/staging.ibermusicas.org\/index.php\/wp-json\/wp\/v2\/categories?post=19971"},{"taxonomy":"post_tag","embeddable":true,"href":"http:\/\/staging.ibermusicas.org\/index.php\/wp-json\/wp\/v2\/tags?post=19971"}],"curies":[{"name":"wp","href":"https:\/\/api.w.org\/{rel}","templated":true}]}}