{"id":19975,"date":"2024-08-30T18:33:20","date_gmt":"2024-08-30T18:33:20","guid":{"rendered":"http:\/\/staging.ibermusicas.org\/?p=19975"},"modified":"2024-09-30T13:47:23","modified_gmt":"2024-09-30T13:47:23","slug":"dantor-o-grupo-mexicano-de-jazz-e-world-music-vai-fazer-uma-digressao-alargada-pelos-palcos-de-portugal-espanha-e-reino-unido","status":"publish","type":"post","link":"http:\/\/staging.ibermusicas.org\/index.php\/dantor-o-grupo-mexicano-de-jazz-e-world-music-vai-fazer-uma-digressao-alargada-pelos-palcos-de-portugal-espanha-e-reino-unido\/","title":{"rendered":"Dantor, o grupo mexicano de jazz e world music, vai fazer uma digress\u00e3o alargada pelos palcos de Portugal, Espanha e Reino Unido"},"content":{"rendered":"<p>O grupo mexicano Dantor vai fazer uma turn\u00e9 de concertos, actuando em f\u00f3runs, audit\u00f3rios e espa\u00e7os culturais em Portugal, Espanha e Reino Unido. Paix\u00e3o, pesquisa e experimenta\u00e7\u00e3o s\u00e3o as marcas de Dantor, um projeto integral de m\u00fasica de fus\u00e3o mexicana nascido para ser desfrutado ao vivo, onde cada nota \u00e9 um canal para expressar, em comunidade, o inexprim\u00edvel.<\/p>\n<p>&nbsp;<\/p>\n<p>O sonho do guitarrista mazatleco Daniel Torres de partilhar as suas experi\u00eancias vividas durante anos de explora\u00e7\u00f5es sonoras na Am\u00e9rica do Sul est\u00e1 condensado em Dantor, um projeto que desde 2014 se inspira no jazz, na m\u00fasica mexicana e na world music para oferecer experi\u00eancias sonoras com altas doses de emo\u00e7\u00e3o.<\/p>\n<p>&nbsp;<\/p>\n<p>Inspira\u00e7\u00e3o, t\u00e9cnica e tecnologia somam-se ao talento de seus integrantes, Daniel Torres (guitarra e voz), Israel Torres (violino), Aar\u00f3n Cruz (baixo), Hiram Gris (bateria) e Daniel Vadillo (piano e sintetizador), criando cart\u00f5es postais musicais de textura sonora inimit\u00e1vel. A banda aborda a necessidade de comunicar com honestidade a nova m\u00fasica de raiz no M\u00e9xico e na Am\u00e9rica Latina.<\/p>\n<p>&nbsp;<\/p>\n<p>Ao longo dos anos, tornaram-se porta-vozes da cria\u00e7\u00e3o instrumental contempor\u00e2nea no M\u00e9xico. Apresentaram-se em f\u00f3runs de renome no M\u00e9xico e no mundo, com mais de 250 actua\u00e7\u00f5es em oito pa\u00edses de tr\u00eas continentes.<\/p>\n<p>&nbsp;<\/p>\n<p>Com esta digress\u00e3o, Dantor celebra a primeira d\u00e9cada de exist\u00eancia do seu projeto e o lan\u00e7amento do seu novo \u00e1lbum RAM\u00c9, co-produzido com Salvador Tercero.<\/p>\n<p>&nbsp;<\/p>\n<p>A proposta de Dantor foi escolhida pela segunda vez pelo Iberm\u00fasicas para realizar esta digress\u00e3o de 2024, tendo j\u00e1 sido adjudicada em 2019.<\/p>\n<p>&nbsp;<\/p>\n<ul>\n<li>14 de setembro, Zeffirrelli&#8217;s Jazz Club, Ambelside, Reino Unido<\/li>\n<li>15 de setembro, Domino Club, Leeds, Reino Unido<\/li>\n<li>19 de setembro, Libreria Byron, Barcelona, Espanha<\/li>\n<li>20 de setembro, El Susurro, Barcelona, Espanha<\/li>\n<li>21 de setembro, Confussion Jazz Club, Baracaldo, Espanha<\/li>\n<li>22 de setembro, Rvbicon, Santander, Espanha<\/li>\n<li>24 setembro, El Gallo Rojo, Sevilha, Espanha<\/li>\n<li>25 de setembro, Black Note Club, Val\u00eancia, Espanha<\/li>\n<li>26 setembro, Casa de M\u00e9xico, Madrid, Espanha<\/li>\n<li>27 setembro, Casa de M\u00e9xico, Madrid, Espanha<\/li>\n<li>28 de setembro, Hotel Chellah, T\u00e2nger, Marrocos<\/li>\n<li>29 setembro, Hotel Chellah, Tanger, Marrocos<\/li>\n<li>01 outubro, O Transistor, Galiza, Espanha<\/li>\n<li>02 outubro, La Borriquita, Galiza, Espanha<\/li>\n<li>03 outubro, Meidinerz Jazz Club, Galiza, Espanha<\/li>\n<li>05 outubro, F\u00e1brica Bra\u00e7o de Prata, Lisboa, Portugal<\/li>\n<\/ul>\n","protected":false},"excerpt":{"rendered":"<p>O grupo mexicano Dantor vai fazer uma turn\u00e9 de concertos, actuando em f\u00f3runs, audit\u00f3rios e espa\u00e7os culturais em Portugal, Espanha e Reino Unido. Paix\u00e3o, pesquisa e experimenta\u00e7\u00e3o s\u00e3o as marcas de Dantor, um projeto integral de m\u00fasica de fus\u00e3o mexicana nascido para ser desfrutado ao vivo, onde cada nota \u00e9 um canal para expressar, em [&hellip;]<\/p>\n","protected":false},"author":7,"featured_media":19973,"comment_status":"closed","ping_status":"closed","sticky":false,"template":"","format":"standard","meta":{"footnotes":""},"categories":[218],"tags":[],"class_list":["post-19975","post","type-post","status-publish","format-standard","has-post-thumbnail","hentry","category-noticias-generales-pt"],"lang":"pt","translations":{"pt":19975,"es":19971},"pll_sync_post":[],"post_mailing_queue_ids":[],"_links":{"self":[{"href":"http:\/\/staging.ibermusicas.org\/index.php\/wp-json\/wp\/v2\/posts\/19975","targetHints":{"allow":["GET"]}}],"collection":[{"href":"http:\/\/staging.ibermusicas.org\/index.php\/wp-json\/wp\/v2\/posts"}],"about":[{"href":"http:\/\/staging.ibermusicas.org\/index.php\/wp-json\/wp\/v2\/types\/post"}],"author":[{"embeddable":true,"href":"http:\/\/staging.ibermusicas.org\/index.php\/wp-json\/wp\/v2\/users\/7"}],"replies":[{"embeddable":true,"href":"http:\/\/staging.ibermusicas.org\/index.php\/wp-json\/wp\/v2\/comments?post=19975"}],"version-history":[{"count":1,"href":"http:\/\/staging.ibermusicas.org\/index.php\/wp-json\/wp\/v2\/posts\/19975\/revisions"}],"predecessor-version":[{"id":19977,"href":"http:\/\/staging.ibermusicas.org\/index.php\/wp-json\/wp\/v2\/posts\/19975\/revisions\/19977"}],"wp:featuredmedia":[{"embeddable":true,"href":"http:\/\/staging.ibermusicas.org\/index.php\/wp-json\/wp\/v2\/media\/19973"}],"wp:attachment":[{"href":"http:\/\/staging.ibermusicas.org\/index.php\/wp-json\/wp\/v2\/media?parent=19975"}],"wp:term":[{"taxonomy":"category","embeddable":true,"href":"http:\/\/staging.ibermusicas.org\/index.php\/wp-json\/wp\/v2\/categories?post=19975"},{"taxonomy":"post_tag","embeddable":true,"href":"http:\/\/staging.ibermusicas.org\/index.php\/wp-json\/wp\/v2\/tags?post=19975"}],"curies":[{"name":"wp","href":"https:\/\/api.w.org\/{rel}","templated":true}]}}