{"id":19981,"date":"2024-08-30T18:36:14","date_gmt":"2024-08-30T18:36:14","guid":{"rendered":"http:\/\/staging.ibermusicas.org\/?p=19981"},"modified":"2024-09-30T14:03:02","modified_gmt":"2024-09-30T14:03:02","slug":"desde-ecuador-llega-el-festival-juntas-sonamos","status":"publish","type":"post","link":"http:\/\/staging.ibermusicas.org\/index.php\/desde-ecuador-llega-el-festival-juntas-sonamos\/","title":{"rendered":"Desde Ecuador llega el Festival Juntas Sonamos"},"content":{"rendered":"<p>Juntas Sonamos invita a sus jornadas presenciales del Mentorado para Mujeres en la Industria Musical Latinoamericana este 10, 11 y 12 de septiembre en Quito, Ecuador. Es un evento organizado por Sonidas con la colaboraci\u00f3n de MIM LATAM (Panam\u00e1) que convoca a las profesionales de la m\u00fasica a actividades donde participan profesionales femeninas y no binarias\u00a0de Ecuador, Panam\u00e1, Chile y Espa\u00f1a\u00a0con importantes trayectorias internacionales y en sus pa\u00edses.<\/p>\n<p>Esta edici\u00f3n presencial de Juntas Sonamos 2024, le sigue a una edici\u00f3n virtual dirigida a mujeres y disidencias de m\u00e1s de seis pa\u00edses de toda Latinoam\u00e9rica y fue una iniciativa de Sonidas, la plataforma para mujeres y disidencias de m\u00fasica del Ecuador. Para esta ocasi\u00f3n, contaremos con invitadas de varias provincias del Ecuador, as\u00ed como un programa que incluye tambi\u00e9n showcases, un conversatorio, y sesiones de networking y vinculaci\u00f3n.<\/p>\n<p>Este evento es un ejercicio continuo por disminuir la brecha de g\u00e9nero que existe en Latinoam\u00e9rica y trabajar con las mujeres reforzando conocimientos y estimulando la formaci\u00f3n de redes de reconocimiento y trabajo conjunto.<\/p>\n<p>Las jornadas abarcan tem\u00e1ticas ligadas a la gesti\u00f3n, organizaci\u00f3n, producci\u00f3n, financiaci\u00f3n y distribuci\u00f3n de la m\u00fasica, adem\u00e1s de la presentaci\u00f3n de pitches y showcases.<\/p>\n<p>El Festival Juntas Sonamos ha sido ganador de las ayudas a la programaci\u00f3n de Iberm\u00fasicas, convocatoria 2023.<\/p>\n","protected":false},"excerpt":{"rendered":"<p>Juntas Sonamos invita a sus jornadas presenciales del Mentorado para Mujeres en la Industria Musical Latinoamericana este 10, 11 y 12 de septiembre en Quito, Ecuador. Es un evento organizado por Sonidas con la colaboraci\u00f3n de MIM LATAM (Panam\u00e1) que convoca a las profesionales de la m\u00fasica a actividades donde participan profesionales femeninas y no [&hellip;]<\/p>\n","protected":false},"author":7,"featured_media":19983,"comment_status":"closed","ping_status":"closed","sticky":false,"template":"","format":"standard","meta":{"footnotes":""},"categories":[53],"tags":[],"class_list":["post-19981","post","type-post","status-publish","format-standard","has-post-thumbnail","hentry","category-noticias-generales"],"lang":"es","translations":{"es":19981,"pt":19985},"pll_sync_post":[],"post_mailing_queue_ids":[],"_links":{"self":[{"href":"http:\/\/staging.ibermusicas.org\/index.php\/wp-json\/wp\/v2\/posts\/19981","targetHints":{"allow":["GET"]}}],"collection":[{"href":"http:\/\/staging.ibermusicas.org\/index.php\/wp-json\/wp\/v2\/posts"}],"about":[{"href":"http:\/\/staging.ibermusicas.org\/index.php\/wp-json\/wp\/v2\/types\/post"}],"author":[{"embeddable":true,"href":"http:\/\/staging.ibermusicas.org\/index.php\/wp-json\/wp\/v2\/users\/7"}],"replies":[{"embeddable":true,"href":"http:\/\/staging.ibermusicas.org\/index.php\/wp-json\/wp\/v2\/comments?post=19981"}],"version-history":[{"count":2,"href":"http:\/\/staging.ibermusicas.org\/index.php\/wp-json\/wp\/v2\/posts\/19981\/revisions"}],"predecessor-version":[{"id":20040,"href":"http:\/\/staging.ibermusicas.org\/index.php\/wp-json\/wp\/v2\/posts\/19981\/revisions\/20040"}],"wp:featuredmedia":[{"embeddable":true,"href":"http:\/\/staging.ibermusicas.org\/index.php\/wp-json\/wp\/v2\/media\/19983"}],"wp:attachment":[{"href":"http:\/\/staging.ibermusicas.org\/index.php\/wp-json\/wp\/v2\/media?parent=19981"}],"wp:term":[{"taxonomy":"category","embeddable":true,"href":"http:\/\/staging.ibermusicas.org\/index.php\/wp-json\/wp\/v2\/categories?post=19981"},{"taxonomy":"post_tag","embeddable":true,"href":"http:\/\/staging.ibermusicas.org\/index.php\/wp-json\/wp\/v2\/tags?post=19981"}],"curies":[{"name":"wp","href":"https:\/\/api.w.org\/{rel}","templated":true}]}}