{"id":19985,"date":"2024-08-30T18:37:38","date_gmt":"2024-08-30T18:37:38","guid":{"rendered":"http:\/\/staging.ibermusicas.org\/?p=19985"},"modified":"2024-09-30T13:47:16","modified_gmt":"2024-09-30T13:47:16","slug":"do-equador-chega-o-festival-juntas-sonamos","status":"publish","type":"post","link":"http:\/\/staging.ibermusicas.org\/index.php\/do-equador-chega-o-festival-juntas-sonamos\/","title":{"rendered":"Do Equador chega o Festival Juntas Sonamos"},"content":{"rendered":"<p>Juntas Sonamos convida para o seu Mentoring presencial para mulheres na ind\u00fastria musical latino-americana nos dias 10, 11 e 12 de setembro em Quito, Equador. Trata-se de um evento promovido pela Sonidas com a colabora\u00e7\u00e3o do MIM LATAM (Panam\u00e1) que re\u00fane profissionais da m\u00fasica para actividades em que participam profissionais femininas e n\u00e3o bin\u00e1rias do Equador, Panam\u00e1, Chile e Espanha com importantes carreiras internacionais e nos seus pa\u00edses.<\/p>\n<p>Esta edi\u00e7\u00e3o presencial do Juntas Sonamos 2024 segue uma edi\u00e7\u00e3o virtual (juno 2024) destinada a mulheres e dissidentes de mais de seis pa\u00edses da Am\u00e9rica Latina e foi uma iniciativa da Sonidas, a plataforma para mulheres e dissidentes na m\u00fasica no Equador. Para esta ocasi\u00e3o, teremos convidados de v\u00e1rias prov\u00edncias do Equador, bem como um programa que tamb\u00e9m inclui showcases, uma conversa e sess\u00f5es de networking e de cria\u00e7\u00e3o de redes.<\/p>\n<p>Este evento \u00e9 um exerc\u00edcio cont\u00ednuo para reduzir a diferen\u00e7a de g\u00e9nero que existe na Am\u00e9rica Latina e para trabalhar com mulheres, refor\u00e7ando o conhecimento e estimulando a forma\u00e7\u00e3o de redes de reconhecimento e trabalho conjunto.<\/p>\n<p>As sess\u00f5es abordam temas relacionados com a gest\u00e3o, organiza\u00e7\u00e3o, produ\u00e7\u00e3o, financiamento e distribui\u00e7\u00e3o de m\u00fasica, bem como a apresenta\u00e7\u00e3o de pitches e showcases.<\/p>\n<p>O Festival Juntas Sonamos ganhou as ajudas \u00e0 programa\u00e7\u00e3o do Programa Iberm\u00fasicas, chamadas 2023.<\/p>\n","protected":false},"excerpt":{"rendered":"<p>Juntas Sonamos convida para o seu Mentoring presencial para mulheres na ind\u00fastria musical latino-americana nos dias 10, 11 e 12 de setembro em Quito, Equador. Trata-se de um evento promovido pela Sonidas com a colabora\u00e7\u00e3o do MIM LATAM (Panam\u00e1) que re\u00fane profissionais da m\u00fasica para actividades em que participam profissionais femininas e n\u00e3o bin\u00e1rias do [&hellip;]<\/p>\n","protected":false},"author":7,"featured_media":19983,"comment_status":"closed","ping_status":"closed","sticky":false,"template":"","format":"standard","meta":{"footnotes":""},"categories":[218],"tags":[],"class_list":["post-19985","post","type-post","status-publish","format-standard","has-post-thumbnail","hentry","category-noticias-generales-pt"],"lang":"pt","translations":{"pt":19985,"es":19981},"pll_sync_post":[],"post_mailing_queue_ids":[],"_links":{"self":[{"href":"http:\/\/staging.ibermusicas.org\/index.php\/wp-json\/wp\/v2\/posts\/19985","targetHints":{"allow":["GET"]}}],"collection":[{"href":"http:\/\/staging.ibermusicas.org\/index.php\/wp-json\/wp\/v2\/posts"}],"about":[{"href":"http:\/\/staging.ibermusicas.org\/index.php\/wp-json\/wp\/v2\/types\/post"}],"author":[{"embeddable":true,"href":"http:\/\/staging.ibermusicas.org\/index.php\/wp-json\/wp\/v2\/users\/7"}],"replies":[{"embeddable":true,"href":"http:\/\/staging.ibermusicas.org\/index.php\/wp-json\/wp\/v2\/comments?post=19985"}],"version-history":[{"count":2,"href":"http:\/\/staging.ibermusicas.org\/index.php\/wp-json\/wp\/v2\/posts\/19985\/revisions"}],"predecessor-version":[{"id":20041,"href":"http:\/\/staging.ibermusicas.org\/index.php\/wp-json\/wp\/v2\/posts\/19985\/revisions\/20041"}],"wp:featuredmedia":[{"embeddable":true,"href":"http:\/\/staging.ibermusicas.org\/index.php\/wp-json\/wp\/v2\/media\/19983"}],"wp:attachment":[{"href":"http:\/\/staging.ibermusicas.org\/index.php\/wp-json\/wp\/v2\/media?parent=19985"}],"wp:term":[{"taxonomy":"category","embeddable":true,"href":"http:\/\/staging.ibermusicas.org\/index.php\/wp-json\/wp\/v2\/categories?post=19985"},{"taxonomy":"post_tag","embeddable":true,"href":"http:\/\/staging.ibermusicas.org\/index.php\/wp-json\/wp\/v2\/tags?post=19985"}],"curies":[{"name":"wp","href":"https:\/\/api.w.org\/{rel}","templated":true}]}}