{"id":19990,"date":"2024-08-30T18:39:04","date_gmt":"2024-08-30T18:39:04","guid":{"rendered":"http:\/\/staging.ibermusicas.org\/?p=19990"},"modified":"2024-09-30T14:01:10","modified_gmt":"2024-09-30T14:01:10","slug":"el-duo-la-folie-actuara-en-el-ix-festival-internacional-de-musica-cima-2024-de-manizales-colombia","status":"publish","type":"post","link":"http:\/\/staging.ibermusicas.org\/index.php\/el-duo-la-folie-actuara-en-el-ix-festival-internacional-de-musica-cima-2024-de-manizales-colombia\/","title":{"rendered":"El D\u00fao La Folie actuar\u00e1 en el IX Festival Internacional de M\u00fasica Cima 2024 de Manizales, Colombia"},"content":{"rendered":"<p>La Folie D\u00fao, formado en 2022 por la flautista Daniela Anjo y la pianista S\u00f3nia Amaral, naci\u00f3 del deseo de formalizar una colaboraci\u00f3n que se remonta a finales de los a\u00f1os 90, cuando a\u00fan eran estudiantes en la Escola Superior de M\u00fasica e Artes do Espect\u00e1culo.<\/p>\n<p>&nbsp;<\/p>\n<p>Desde entonces, el d\u00fao ha actuado en p\u00fablico en varias ocasiones, concretamente en el Museo Soares dos Reis de Oporto, en la 5\u00aa edici\u00f3n del Ciclo de Quintas de Viana do Castelo, en el Museo Nogueira da Silva de Braga y, m\u00e1s recientemente, en el Palacio Datzingen de Grafenau, Stuzgart, en la Casa Comum del Rectorado de la Universidad de Oporto y en la Maison Andr\u00e9 de Gouveia de la Cit\u00e9 Internationale Universitaire de Par\u00eds.<\/p>\n<p>&nbsp;<\/p>\n<p>Daniela Anjo, nacida en Vila Nova de Gaia, recibi\u00f3 una beca al m\u00e9rito de la Fundaci\u00f3n Calouste Gulbenkian. Ha realizado numerosos cursos de formaci\u00f3n con flautistas de renombre. En 1994 gan\u00f3 el 1er premio, clase C, en el Concurso Interno del Conservatorio de M\u00fasica de Oporto. Ha sido miembro de la Orquesta de Viento de la Uni\u00f3n Europea, de la Orquesta Nacional de Viento de los Caballeros Templarios y de la Orquesta de las Escuelas de M\u00fasica, entre otras. En 2005 finaliz\u00f3 la Licenciatura en Flauta Travesera en la Escola Superior de M\u00fasica e Artes do Espet\u00e1culo. En 2008, obtuvo un Diploma de Postgrado en Ciencias de la Educaci\u00f3n \/ Pol\u00edticas Educativas en la Universidad de Psicolog\u00eda y Ciencias de la Educaci\u00f3n de la Universidad de Oporto. En 2011, complet\u00f3 su Profesionalizaci\u00f3n en Servicio en la Universidade Aberta. Actualmente es miembro de la Banda Sinf\u00f3nica Portuguesa. Es profesora del Conservatorio de M\u00fasica de Oporto, de la Academia de M\u00fasica Orfe\u00e3o de Ovar y del Foro Cultural Gulpilhares.<\/p>\n<p>&nbsp;<\/p>\n<p>S\u00f3nia Amaral inici\u00f3 sus estudios musicales en el Conservatorio de Oporto y complet\u00f3 su formaci\u00f3n en la Escola Superior de M\u00fasica e Artes do Espect\u00e1culo. Paralelamente, se licenci\u00f3 en Lenguas y Literaturas Modernas en la Facultad de Letras de la Universidad de Oporto. Ha asistido a diversos cursos y masterclasses. Ha actuado regularmente en p\u00fablico, formando parte de diversos conjuntos. En los \u00faltimos a\u00f1os ha sido profesora de piano y acompa\u00f1ante de pianistas en el Conservatorio de M\u00fasica Calouste Gulbenkian de Braga.<\/p>\n<p>&nbsp;<\/p>\n<ul>\n<li>10 de septiembre, IX Festival Internacional de M\u00fasica Cima 2024, Manizales, Colombia<\/li>\n<\/ul>\n","protected":false},"excerpt":{"rendered":"<p>La Folie D\u00fao, formado en 2022 por la flautista Daniela Anjo y la pianista S\u00f3nia Amaral, naci\u00f3 del deseo de formalizar una colaboraci\u00f3n que se remonta a finales de los a\u00f1os 90, cuando a\u00fan eran estudiantes en la Escola Superior de M\u00fasica e Artes do Espect\u00e1culo. &nbsp; Desde entonces, el d\u00fao ha actuado en p\u00fablico [&hellip;]<\/p>\n","protected":false},"author":7,"featured_media":19991,"comment_status":"closed","ping_status":"closed","sticky":false,"template":"","format":"standard","meta":{"footnotes":""},"categories":[53],"tags":[],"class_list":["post-19990","post","type-post","status-publish","format-standard","has-post-thumbnail","hentry","category-noticias-generales"],"lang":"es","translations":{"es":19990,"pt":19995},"pll_sync_post":[],"post_mailing_queue_ids":[],"_links":{"self":[{"href":"http:\/\/staging.ibermusicas.org\/index.php\/wp-json\/wp\/v2\/posts\/19990","targetHints":{"allow":["GET"]}}],"collection":[{"href":"http:\/\/staging.ibermusicas.org\/index.php\/wp-json\/wp\/v2\/posts"}],"about":[{"href":"http:\/\/staging.ibermusicas.org\/index.php\/wp-json\/wp\/v2\/types\/post"}],"author":[{"embeddable":true,"href":"http:\/\/staging.ibermusicas.org\/index.php\/wp-json\/wp\/v2\/users\/7"}],"replies":[{"embeddable":true,"href":"http:\/\/staging.ibermusicas.org\/index.php\/wp-json\/wp\/v2\/comments?post=19990"}],"version-history":[{"count":1,"href":"http:\/\/staging.ibermusicas.org\/index.php\/wp-json\/wp\/v2\/posts\/19990\/revisions"}],"predecessor-version":[{"id":19993,"href":"http:\/\/staging.ibermusicas.org\/index.php\/wp-json\/wp\/v2\/posts\/19990\/revisions\/19993"}],"wp:featuredmedia":[{"embeddable":true,"href":"http:\/\/staging.ibermusicas.org\/index.php\/wp-json\/wp\/v2\/media\/19991"}],"wp:attachment":[{"href":"http:\/\/staging.ibermusicas.org\/index.php\/wp-json\/wp\/v2\/media?parent=19990"}],"wp:term":[{"taxonomy":"category","embeddable":true,"href":"http:\/\/staging.ibermusicas.org\/index.php\/wp-json\/wp\/v2\/categories?post=19990"},{"taxonomy":"post_tag","embeddable":true,"href":"http:\/\/staging.ibermusicas.org\/index.php\/wp-json\/wp\/v2\/tags?post=19990"}],"curies":[{"name":"wp","href":"https:\/\/api.w.org\/{rel}","templated":true}]}}