{"id":19995,"date":"2024-08-30T18:40:12","date_gmt":"2024-08-30T18:40:12","guid":{"rendered":"http:\/\/staging.ibermusicas.org\/?p=19995"},"modified":"2024-09-30T13:46:57","modified_gmt":"2024-09-30T13:46:57","slug":"la-folie-duo-se-apresentara-no-ix-festival-internacional-de-musica-cima-2024-em-manizales-colombia","status":"publish","type":"post","link":"http:\/\/staging.ibermusicas.org\/index.php\/la-folie-duo-se-apresentara-no-ix-festival-internacional-de-musica-cima-2024-em-manizales-colombia\/","title":{"rendered":"La Folie Duo se apresentar\u00e1 no IX Festival Internacional de M\u00fasica Cima 2024 em Manizales, Col\u00f4mbia"},"content":{"rendered":"<p>La Folie Duo, constitu\u00eddo em 2022 pela flautista Daniela Anjo e pela pianista S\u00f3nia Amaral, nasce da vontade de formalizar uma colabora\u00e7\u00e3o que remonta ao final dos anos 1990, ainda enquanto estudantes da Escola Superior de M\u00fasica e Artes do Espect\u00e1culo.<\/p>\n<p>&nbsp;<\/p>\n<p>Desde essa altura o duo apresentou-se diversas vezes em p\u00fablico, nomeadamente no Museu Soares dos Reis, no Porto; na 5\u00aa Edi\u00e7\u00e3o do Ciclo de Quintas, em Viana do Castelo; no Museu Nogueira da Silva, em Braga e mais recentemente no Palacete Datzingen, em Grafenau, Stuzgart, na Casa Comum da Reitoria da Universidade do Porto e na Maison Andr\u00e9 de Gouveia da Cit\u00e9 Internationale Universitaire de Paris.<\/p>\n<p>&nbsp;<\/p>\n<p>Daniela Anjo, natural de Vila Nova de Gaia, foi bolseira de m\u00e9rito da Funda\u00e7\u00e3o Calouste Gulbenkian. Efetuou in\u00fameros cursos de aperfei\u00e7oamento com conceituados flautistas. Em 1994 obteve o 1\u00b0pr\u00e9mio, classe C, do Concurso Interno do Conservat\u00f3rio de M\u00fasica do Porto. Integrou a Orquestra de Sopros da Uni\u00e3o Europeia, Orquestra Nacional de Sopros dos Templ\u00e1rios, Orquestra das Escolas de M\u00fasica, entre outras. Em 2005 concluiu a Licenciatura em Flauta Transversal na Escola Superior de M\u00fasica e Artes do Espet\u00e1culo. Em 2008, obteve a P\u00f3s-Gradua\u00e7\u00e3o em Ci\u00eancias da Educa\u00e7\u00e3o \/Pol\u00edticas Educativas na Universidade de Psicologia e Ci\u00eancias da Educa\u00e7\u00e3o da Universidade do Porto. Em 2011, concluiu a Profissionaliza\u00e7\u00e3o em Servi\u00e7o na Universidade Aberta. Atualmente integra a Banda Sinf\u00f3nica Portuguesa. \u00c9 professora no Conservat\u00f3rio de M\u00fasica do Porto, Academia de M\u00fasica do Orfe\u00e3o de Ovar e F\u00f3rum Cultural de Gulpilhares.<\/p>\n<p>&nbsp;<\/p>\n<p>S\u00f3nia Amaral iniciou os seus estudos musicais no Conservat\u00f3rio de M\u00fasica do Porto, e concluiu a sua forma\u00e7\u00e3o na Escola Superior de M\u00fasica e Artes do Espect\u00e1culo. Paralelamente concluiu a licenciatura em L\u00ednguas e Literaturas Modernas na Faculdade de Letras da Universidade do Porto. Frequentou diversos cursos e masterclasses. Tem-se apresentado regularmente em p\u00fablico, integrando diversas forma\u00e7\u00f5es. Nos \u00faltimos anos tem exercido a sua atividade pedag\u00f3gica como professora da classe de piano e pianista acompanhadora no Conservat\u00f3rio de M\u00fasica Calouste Gulbenkian de Braga.<\/p>\n<p>&nbsp;<\/p>\n<ul>\n<li>10 de septiembre, IX Festival Internacional de M\u00fasica Cima 2024, Manizales, Col\u00f4mbia<\/li>\n<\/ul>\n","protected":false},"excerpt":{"rendered":"<p>La Folie Duo, constitu\u00eddo em 2022 pela flautista Daniela Anjo e pela pianista S\u00f3nia Amaral, nasce da vontade de formalizar uma colabora\u00e7\u00e3o que remonta ao final dos anos 1990, ainda enquanto estudantes da Escola Superior de M\u00fasica e Artes do Espect\u00e1culo. &nbsp; Desde essa altura o duo apresentou-se diversas vezes em p\u00fablico, nomeadamente no Museu [&hellip;]<\/p>\n","protected":false},"author":7,"featured_media":19991,"comment_status":"closed","ping_status":"closed","sticky":false,"template":"","format":"standard","meta":{"footnotes":""},"categories":[218],"tags":[],"class_list":["post-19995","post","type-post","status-publish","format-standard","has-post-thumbnail","hentry","category-noticias-generales-pt"],"lang":"pt","translations":{"pt":19995,"es":19990},"pll_sync_post":[],"post_mailing_queue_ids":[],"_links":{"self":[{"href":"http:\/\/staging.ibermusicas.org\/index.php\/wp-json\/wp\/v2\/posts\/19995","targetHints":{"allow":["GET"]}}],"collection":[{"href":"http:\/\/staging.ibermusicas.org\/index.php\/wp-json\/wp\/v2\/posts"}],"about":[{"href":"http:\/\/staging.ibermusicas.org\/index.php\/wp-json\/wp\/v2\/types\/post"}],"author":[{"embeddable":true,"href":"http:\/\/staging.ibermusicas.org\/index.php\/wp-json\/wp\/v2\/users\/7"}],"replies":[{"embeddable":true,"href":"http:\/\/staging.ibermusicas.org\/index.php\/wp-json\/wp\/v2\/comments?post=19995"}],"version-history":[{"count":1,"href":"http:\/\/staging.ibermusicas.org\/index.php\/wp-json\/wp\/v2\/posts\/19995\/revisions"}],"predecessor-version":[{"id":19997,"href":"http:\/\/staging.ibermusicas.org\/index.php\/wp-json\/wp\/v2\/posts\/19995\/revisions\/19997"}],"wp:featuredmedia":[{"embeddable":true,"href":"http:\/\/staging.ibermusicas.org\/index.php\/wp-json\/wp\/v2\/media\/19991"}],"wp:attachment":[{"href":"http:\/\/staging.ibermusicas.org\/index.php\/wp-json\/wp\/v2\/media?parent=19995"}],"wp:term":[{"taxonomy":"category","embeddable":true,"href":"http:\/\/staging.ibermusicas.org\/index.php\/wp-json\/wp\/v2\/categories?post=19995"},{"taxonomy":"post_tag","embeddable":true,"href":"http:\/\/staging.ibermusicas.org\/index.php\/wp-json\/wp\/v2\/tags?post=19995"}],"curies":[{"name":"wp","href":"https:\/\/api.w.org\/{rel}","templated":true}]}}