{"id":19999,"date":"2024-08-30T18:41:44","date_gmt":"2024-08-30T18:41:44","guid":{"rendered":"http:\/\/staging.ibermusicas.org\/?p=19999"},"modified":"2024-09-30T14:01:03","modified_gmt":"2024-09-30T14:01:03","slug":"llega-la-duodecima-edicion-del-festival-cultural-de-marimba-y-violines-caucanos","status":"publish","type":"post","link":"http:\/\/staging.ibermusicas.org\/index.php\/llega-la-duodecima-edicion-del-festival-cultural-de-marimba-y-violines-caucanos\/","title":{"rendered":"Llega la duod\u00e9cima edici\u00f3n del Festival Cultural de Marimba y Violines Caucanos"},"content":{"rendered":"<p>La versi\u00f3n XII del Festival Cultural de Marimba y Violines Caucanos se llevar\u00e1 a cabo en las instalaciones del Boulevard Oro y Miel, ubicado en la Vereda San Antonio del Municipio de Santander de Quilichao, en el departamento del Cauca, suroccidente de Colombia.<\/p>\n<p>&nbsp;<\/p>\n<p>En las once versiones realizadas a la fecha, el festival\u00a0 se ha caracterizado por ser un espacio en el cual conviven de manera tranquila y en perfecta armon\u00eda las expresiones culturales ancestrales de la regi\u00f3n Pac\u00edfico Litoral de Colombia, representadas en el conjunto de marimba del Pac\u00edfico sur o la chirim\u00eda representativa del Pac\u00edfico norte, con aquellas provenientes del valle interandino del R\u00edo Cauca, del norte del departamento especialmente.<\/p>\n<p>&nbsp;<\/p>\n<p>El\u00a0 Festival Cultural de Marimba y Violines Caucanos nace como una iniciativa juvenil comunitaria ante la preocupaci\u00f3n que generaba en la Vereda San Antonio y otros sectores aleda\u00f1os la creciente p\u00e9rdida de identidad y falta de reconocimiento hacia las tradiciones y valores culturales ancestrales, tradiciones practicadas desde siempre por los mayores y mayoras en su comunidad. Es as\u00ed como a trav\u00e9s de tertulias en las cuales los ancianos de la comunidad contaban sus pr\u00e1cticas y tradiciones a los m\u00e1s j\u00f3venes fueron saliendo a flote desde la oralidad otras expresiones que tanto ni\u00f1os, j\u00f3venes y adultos ten\u00edan escondidas por falta de espacios de intercambio: m\u00fasica, danza, poes\u00eda, pintura, artesan\u00edas y tradiciones culinarias empezaron a mostrarse y compartirse.<\/p>\n<p>&nbsp;<\/p>\n<p>De esta manera, en un t\u00e9rmino de doce a\u00f1os las tertulias y chocolatadas terminaron convirti\u00e9ndose en el evento cultural de car\u00e1cter \u00e9tnico m\u00e1s grande que se realiza en el norte del Cauca, convocando cada a\u00f1o a m\u00fasicos, bailarines, artistas pl\u00e1sticos, escritores, acad\u00e9micos, gestores culturales, artesanos, dise\u00f1adores, peinadoras entre otros.<\/p>\n<p>&nbsp;<\/p>\n<p>El Festival Cultural de Marimba y Violines Caucanos, gracias al apoyo logrado a trav\u00e9s de la convocatoria Iberm\u00fasicas 2023 en la categor\u00eda Ayudas al Sector Musical para la Programaci\u00f3n Iberoamericana, \u00e9sta edici\u00f3n del festival tendr\u00e1 la participaci\u00f3n, por primera vez, de dos agrupaciones llegadas del exterior.<\/p>\n<p>&nbsp;<\/p>\n<p>Desde la ciudad de La Habana, Cuba, llega la representaci\u00f3n del Proyecto Cultural Comunitario Atrapa Sue\u00f1os, un espacio vinculado a la cultura participativa comunitaria para crear, entretenerse, adquirir y fortalecer conocimiento desde, para y con la comunidad como actor principal.<\/p>\n<p>&nbsp;<\/p>\n<p>La otra agrupaci\u00f3n internacional llega desde la ciudad de Buenos Aires, Argentina y se trata del Grupo Mango Viche, liderado por la maestra Eliana Cogliati que gener\u00f3 el encuentro entre m\u00fasicos argentinos y colombianos amantes de los ritmos del pac\u00edfico colombiano.<\/p>\n<p>&nbsp;<\/p>\n<p>&nbsp;<\/p>\n<ul>\n<li>Del 12 al 15 de septiembre, Boulevard Oro y Miel, Santander de Quilichao, Vereda San Antonio, Colombia<\/li>\n<\/ul>\n","protected":false},"excerpt":{"rendered":"<p>La versi\u00f3n XII del Festival Cultural de Marimba y Violines Caucanos se llevar\u00e1 a cabo en las instalaciones del Boulevard Oro y Miel, ubicado en la Vereda San Antonio del Municipio de Santander de Quilichao, en el departamento del Cauca, suroccidente de Colombia. &nbsp; En las once versiones realizadas a la fecha, el festival\u00a0 se [&hellip;]<\/p>\n","protected":false},"author":7,"featured_media":20000,"comment_status":"closed","ping_status":"closed","sticky":false,"template":"","format":"standard","meta":{"footnotes":""},"categories":[53],"tags":[],"class_list":["post-19999","post","type-post","status-publish","format-standard","has-post-thumbnail","hentry","category-noticias-generales"],"lang":"es","translations":{"es":19999,"pt":20002},"pll_sync_post":[],"post_mailing_queue_ids":[],"_links":{"self":[{"href":"http:\/\/staging.ibermusicas.org\/index.php\/wp-json\/wp\/v2\/posts\/19999","targetHints":{"allow":["GET"]}}],"collection":[{"href":"http:\/\/staging.ibermusicas.org\/index.php\/wp-json\/wp\/v2\/posts"}],"about":[{"href":"http:\/\/staging.ibermusicas.org\/index.php\/wp-json\/wp\/v2\/types\/post"}],"author":[{"embeddable":true,"href":"http:\/\/staging.ibermusicas.org\/index.php\/wp-json\/wp\/v2\/users\/7"}],"replies":[{"embeddable":true,"href":"http:\/\/staging.ibermusicas.org\/index.php\/wp-json\/wp\/v2\/comments?post=19999"}],"version-history":[{"count":1,"href":"http:\/\/staging.ibermusicas.org\/index.php\/wp-json\/wp\/v2\/posts\/19999\/revisions"}],"predecessor-version":[{"id":20001,"href":"http:\/\/staging.ibermusicas.org\/index.php\/wp-json\/wp\/v2\/posts\/19999\/revisions\/20001"}],"wp:featuredmedia":[{"embeddable":true,"href":"http:\/\/staging.ibermusicas.org\/index.php\/wp-json\/wp\/v2\/media\/20000"}],"wp:attachment":[{"href":"http:\/\/staging.ibermusicas.org\/index.php\/wp-json\/wp\/v2\/media?parent=19999"}],"wp:term":[{"taxonomy":"category","embeddable":true,"href":"http:\/\/staging.ibermusicas.org\/index.php\/wp-json\/wp\/v2\/categories?post=19999"},{"taxonomy":"post_tag","embeddable":true,"href":"http:\/\/staging.ibermusicas.org\/index.php\/wp-json\/wp\/v2\/tags?post=19999"}],"curies":[{"name":"wp","href":"https:\/\/api.w.org\/{rel}","templated":true}]}}