{"id":20002,"date":"2024-08-30T18:43:06","date_gmt":"2024-08-30T18:43:06","guid":{"rendered":"http:\/\/staging.ibermusicas.org\/?p=20002"},"modified":"2024-09-30T13:46:51","modified_gmt":"2024-09-30T13:46:51","slug":"chega-a-decima-segunda-edicao-do-festival-cultural-de-marimba-e-violinos-caucanos","status":"publish","type":"post","link":"http:\/\/staging.ibermusicas.org\/index.php\/chega-a-decima-segunda-edicao-do-festival-cultural-de-marimba-e-violinos-caucanos\/","title":{"rendered":"Chega a d\u00e9cima segunda edi\u00e7\u00e3o do Festival Cultural de Marimba e Violinos Caucanos"},"content":{"rendered":"<p>A 12\u00aa vers\u00e3o do Festival Cultural de Marimba e Violinos Caucanos ter\u00e1 lugar no Boulevard Oro y Miel, localizado no distrito de San Antonio do munic\u00edpio de Santander de Quilichao, no departamento de Cauca, sudoeste da Col\u00f4mbia.<\/p>\n<p>&nbsp;<\/p>\n<p>Nas onze vers\u00f5es realizadas at\u00e9 \u00e0 data, o festival caracterizou-se por ser um espa\u00e7o em que as express\u00f5es culturais ancestrais da regi\u00e3o costeira do Pac\u00edfico da Col\u00f4mbia, representadas no conjunto de marimba do Pac\u00edfico Sul ou na chirim\u00eda representativa do Pac\u00edfico Norte, coexistem pacificamente e em perfeita harmonia com as express\u00f5es provenientes do vale interandino do rio Cauca, especialmente do norte do departamento.<\/p>\n<p>&nbsp;<\/p>\n<p>O Festival Cultural de Marimba e Violinos Caucanos nasceu como uma iniciativa comunit\u00e1ria juvenil em resposta \u00e0 preocupa\u00e7\u00e3o gerada na Vereda San Antonio e noutros sectores vizinhos pela crescente perda de identidade e falta de reconhecimento das tradi\u00e7\u00f5es e valores culturais ancestrais, tradi\u00e7\u00f5es que sempre foram praticadas pelos mais velhos e anci\u00e3os da sua comunidade. Assim, atrav\u00e9s de encontros em que os mais velhos da comunidade contavam as suas pr\u00e1ticas e tradi\u00e7\u00f5es aos mais novos, vieram \u00e0 superf\u00edcie outras express\u00f5es que as crian\u00e7as, os jovens e os adultos tinham escondido devido \u00e0 falta de espa\u00e7os de interc\u00e2mbio: m\u00fasica, dan\u00e7a, poesia, pintura, arte, etc.<\/p>\n<p>&nbsp;<\/p>\n<p>Desta forma, num per\u00edodo de doze anos, as tert\u00falias e chocolatadas acabaram por se tornar no maior evento cultural de car\u00e1cter \u00e9tnico que se realiza no norte do Cauca, reunindo todos os anos m\u00fasicos, bailarinos, artistas pl\u00e1sticos, escritores, acad\u00e9micos, gestores culturais, artes\u00e3os, designers, cabeleireiros, entre outros.<\/p>\n<p>&nbsp;<\/p>\n<p>O Festival Cultural de Marimba e Violinos Caucanos, gra\u00e7as ao apoio obtido atrav\u00e9s da convocat\u00f3ria Iberm\u00fasicas 2023 na categoria Ajudas ao Sector da M\u00fasica para a Programa\u00e7\u00e3o Ibero-Americana, esta edi\u00e7\u00e3o do festival contar\u00e1 com a participa\u00e7\u00e3o, pela primeira vez, de dois grupos do exterior.<\/p>\n<p>&nbsp;<\/p>\n<p>Da cidade de Havana, Cuba, vem a representa\u00e7\u00e3o do Projeto Cultural Comunit\u00e1rio Atrapa Sue\u00f1os, um espa\u00e7o ligado \u00e0 cultura comunit\u00e1ria participativa para criar, entreter, adquirir e fortalecer o conhecimento de, para e com a comunidade como ator principal.<\/p>\n<p>&nbsp;<\/p>\n<p>O outro grupo internacional vem da cidade de Buenos Aires, Argentina e \u00e9 o Grupo Mango Viche, liderado pela professora Eliana Cogliati, que gerou o encontro entre m\u00fasicos argentinos e colombianos amantes dos ritmos do Pac\u00edfico colombiano.<\/p>\n<p>&nbsp;<\/p>\n<ul>\n<li>Do 12 ao 15 de setembro, Boulevard Oro y Miel, Santander de Quilichao, Vereda San Antonio, Col\u00f4mbia<\/li>\n<\/ul>\n","protected":false},"excerpt":{"rendered":"<p>A 12\u00aa vers\u00e3o do Festival Cultural de Marimba e Violinos Caucanos ter\u00e1 lugar no Boulevard Oro y Miel, localizado no distrito de San Antonio do munic\u00edpio de Santander de Quilichao, no departamento de Cauca, sudoeste da Col\u00f4mbia. &nbsp; Nas onze vers\u00f5es realizadas at\u00e9 \u00e0 data, o festival caracterizou-se por ser um espa\u00e7o em que as [&hellip;]<\/p>\n","protected":false},"author":7,"featured_media":20000,"comment_status":"closed","ping_status":"closed","sticky":false,"template":"","format":"standard","meta":{"footnotes":""},"categories":[218],"tags":[],"class_list":["post-20002","post","type-post","status-publish","format-standard","has-post-thumbnail","hentry","category-noticias-generales-pt"],"lang":"pt","translations":{"pt":20002,"es":19999},"pll_sync_post":[],"post_mailing_queue_ids":[],"_links":{"self":[{"href":"http:\/\/staging.ibermusicas.org\/index.php\/wp-json\/wp\/v2\/posts\/20002","targetHints":{"allow":["GET"]}}],"collection":[{"href":"http:\/\/staging.ibermusicas.org\/index.php\/wp-json\/wp\/v2\/posts"}],"about":[{"href":"http:\/\/staging.ibermusicas.org\/index.php\/wp-json\/wp\/v2\/types\/post"}],"author":[{"embeddable":true,"href":"http:\/\/staging.ibermusicas.org\/index.php\/wp-json\/wp\/v2\/users\/7"}],"replies":[{"embeddable":true,"href":"http:\/\/staging.ibermusicas.org\/index.php\/wp-json\/wp\/v2\/comments?post=20002"}],"version-history":[{"count":1,"href":"http:\/\/staging.ibermusicas.org\/index.php\/wp-json\/wp\/v2\/posts\/20002\/revisions"}],"predecessor-version":[{"id":20003,"href":"http:\/\/staging.ibermusicas.org\/index.php\/wp-json\/wp\/v2\/posts\/20002\/revisions\/20003"}],"wp:featuredmedia":[{"embeddable":true,"href":"http:\/\/staging.ibermusicas.org\/index.php\/wp-json\/wp\/v2\/media\/20000"}],"wp:attachment":[{"href":"http:\/\/staging.ibermusicas.org\/index.php\/wp-json\/wp\/v2\/media?parent=20002"}],"wp:term":[{"taxonomy":"category","embeddable":true,"href":"http:\/\/staging.ibermusicas.org\/index.php\/wp-json\/wp\/v2\/categories?post=20002"},{"taxonomy":"post_tag","embeddable":true,"href":"http:\/\/staging.ibermusicas.org\/index.php\/wp-json\/wp\/v2\/tags?post=20002"}],"curies":[{"name":"wp","href":"https:\/\/api.w.org\/{rel}","templated":true}]}}