{"id":20004,"date":"2024-08-30T18:45:02","date_gmt":"2024-08-30T18:45:02","guid":{"rendered":"http:\/\/staging.ibermusicas.org\/?p=20004"},"modified":"2024-09-30T14:00:49","modified_gmt":"2024-09-30T14:00:49","slug":"la-artista-cubana-mexicana-leiden-presenta-su-tour-destino-que-la-llevara-a-argentina-brasil-ecuador-y-paraguay","status":"publish","type":"post","link":"http:\/\/staging.ibermusicas.org\/index.php\/la-artista-cubana-mexicana-leiden-presenta-su-tour-destino-que-la-llevara-a-argentina-brasil-ecuador-y-paraguay\/","title":{"rendered":"La artista cubana-mexicana Leiden presenta su Tour Destino que la llevar\u00e1 a Argentina, Brasil, Ecuador y Paraguay"},"content":{"rendered":"<p>Leiden, cantautora, activista y productora cubana- mexicana, es considerada una de las artistas m\u00e1s importantes de la nueva canci\u00f3n latinoamericana. Fusiona las ra\u00edces latinas con ritmos y g\u00e9neros de vanguardia, contando con una producci\u00f3n innovadora, r\u00edtmica y de gran calidad.<\/p>\n<p>&nbsp;<\/p>\n<p>Lleva editados cinco discos de estudio y un DVD en vivo. Ha colaborado con Celso Pi\u00f1a, Aterciopelados, Torreblanca entre muchos otros. Se ha presentado en Rep\u00fablica Checa, Alemania, Portugal, Espa\u00f1a, M\u00e9xico, Colombia, Cuba, Costa Rica, Brasil, Panam\u00e1 y ha participado en Festivales y foros de M\u00e9xico entre los que destacan Vive Latino, Cervantino, Coordenada, Auditorio Nacional y Lunario del Auditorio Nacional.<\/p>\n<p>&nbsp;<\/p>\n<p>Su canci\u00f3n \u201cHasta Salvarnos\u201d ha sido interpretada por m\u00e1s de 40 mujeres en todo el mundo. Ha realizado m\u00fasica para pel\u00edculas, cortometrajes, documentales y espect\u00e1culos esc\u00e9nicos.<\/p>\n<p>&nbsp;<\/p>\n<p>Dirige el proyecto \u201cVolver al coraz\u00f3n\u201d, donde da voz a mujeres en prisi\u00f3n componiendo canciones testimoniales con una mirada humanista a trav\u00e9s de sesiones de creaci\u00f3n colectiva. Es fundadora y directora de \u201cJueves\u201d, el primer sello de mujeres en la m\u00fasica en M\u00e9xico. Ofrece un concierto en\u00e9rgico y emotivo. Un festejo que recorre diversos g\u00e9neros latinoamericanos como la cumbia, rumba, son jarocho, balada, danz\u00f3n, fusionado con g\u00e9neros de vanguardia.<\/p>\n<p>&nbsp;<\/p>\n<ul>\n<li>11 de septiembre: Memorial da Am\u00e9rica Latina, S\u00e3o Paulo, Brasil<\/li>\n<li>13 de septiembre: Manouche, R\u00edo de Janeiro, Brasil<\/li>\n<li>14 de septiembre: Pa\u00e7o da Liberdade SESC, Curitiba, Brasil<\/li>\n<li>18 de septiembre: O Arac\u00e1, Florian\u00f3polis, Brasil<\/li>\n<li>19 de septiembre: Casa de M\u00e3e, S\u00e3o Paulo, Brasil<\/li>\n<li>22 de septiembre: Caramblola Lab, Macei\u00f3, Brasil<\/li>\n<li>28 de septiembre: Boca Cultural, S\u00e3o Paulo, Brasil<\/li>\n<li>02 de octubre: La Esencia, Cusco, Per\u00fa<\/li>\n<li>05 de octubre: Estaci\u00f3n Cultural Brit\u00e1nico, Lima, Per\u00fa<\/li>\n<li>09 de octubre: Pasaje Caf\u00e9, Vi\u00f1a del Mar, Chile<\/li>\n<li>11 de octubre: Matucana 100, Santiago, Chile<\/li>\n<li>12 de octubre: Caf\u00e9 Vinilo, Ciudad de Buenos Aires, Argentina<\/li>\n<li>16 de octubre: FAER, Rosario, Santa Fe, Argentina<\/li>\n<li>18 de octubre: Espacio Color Humano, Mar del Plata, Provincia de Buenos Aires, Argentina<\/li>\n<\/ul>\n","protected":false},"excerpt":{"rendered":"<p>Leiden, cantautora, activista y productora cubana- mexicana, es considerada una de las artistas m\u00e1s importantes de la nueva canci\u00f3n latinoamericana. Fusiona las ra\u00edces latinas con ritmos y g\u00e9neros de vanguardia, contando con una producci\u00f3n innovadora, r\u00edtmica y de gran calidad. &nbsp; Lleva editados cinco discos de estudio y un DVD en vivo. Ha colaborado con [&hellip;]<\/p>\n","protected":false},"author":7,"featured_media":20005,"comment_status":"closed","ping_status":"closed","sticky":false,"template":"","format":"standard","meta":{"footnotes":""},"categories":[53],"tags":[],"class_list":["post-20004","post","type-post","status-publish","format-standard","has-post-thumbnail","hentry","category-noticias-generales"],"lang":"es","translations":{"es":20004,"pt":20007},"pll_sync_post":[],"post_mailing_queue_ids":[],"_links":{"self":[{"href":"http:\/\/staging.ibermusicas.org\/index.php\/wp-json\/wp\/v2\/posts\/20004","targetHints":{"allow":["GET"]}}],"collection":[{"href":"http:\/\/staging.ibermusicas.org\/index.php\/wp-json\/wp\/v2\/posts"}],"about":[{"href":"http:\/\/staging.ibermusicas.org\/index.php\/wp-json\/wp\/v2\/types\/post"}],"author":[{"embeddable":true,"href":"http:\/\/staging.ibermusicas.org\/index.php\/wp-json\/wp\/v2\/users\/7"}],"replies":[{"embeddable":true,"href":"http:\/\/staging.ibermusicas.org\/index.php\/wp-json\/wp\/v2\/comments?post=20004"}],"version-history":[{"count":1,"href":"http:\/\/staging.ibermusicas.org\/index.php\/wp-json\/wp\/v2\/posts\/20004\/revisions"}],"predecessor-version":[{"id":20006,"href":"http:\/\/staging.ibermusicas.org\/index.php\/wp-json\/wp\/v2\/posts\/20004\/revisions\/20006"}],"wp:featuredmedia":[{"embeddable":true,"href":"http:\/\/staging.ibermusicas.org\/index.php\/wp-json\/wp\/v2\/media\/20005"}],"wp:attachment":[{"href":"http:\/\/staging.ibermusicas.org\/index.php\/wp-json\/wp\/v2\/media?parent=20004"}],"wp:term":[{"taxonomy":"category","embeddable":true,"href":"http:\/\/staging.ibermusicas.org\/index.php\/wp-json\/wp\/v2\/categories?post=20004"},{"taxonomy":"post_tag","embeddable":true,"href":"http:\/\/staging.ibermusicas.org\/index.php\/wp-json\/wp\/v2\/tags?post=20004"}],"curies":[{"name":"wp","href":"https:\/\/api.w.org\/{rel}","templated":true}]}}