{"id":20007,"date":"2024-08-30T18:47:15","date_gmt":"2024-08-30T18:47:15","guid":{"rendered":"http:\/\/staging.ibermusicas.org\/?p=20007"},"modified":"2024-09-30T13:46:16","modified_gmt":"2024-09-30T13:46:16","slug":"a-artista-cubano-mexicana-leiden-apresenta-a-sua-destino-tour-que-a-levara-a-argentina-brasil-equador-e-paraguai","status":"publish","type":"post","link":"http:\/\/staging.ibermusicas.org\/index.php\/a-artista-cubano-mexicana-leiden-apresenta-a-sua-destino-tour-que-a-levara-a-argentina-brasil-equador-e-paraguai\/","title":{"rendered":"A artista cubano-mexicana Leiden apresenta a sua Destino Tour que a levar\u00e1 \u00e0 Argentina, Brasil, Equador e Paraguai"},"content":{"rendered":"<p>Leiden, cantora, compositora, ativista e produtora cubano-mexicana, \u00e9 considerada uma das artistas mais importantes da nova can\u00e7\u00e3o latino-americana. Funde as ra\u00edzes latinas com ritmos e g\u00e9neros de vanguarda, com uma produ\u00e7\u00e3o inovadora, r\u00edtmica e de alta qualidade.<\/p>\n<p>&nbsp;<\/p>\n<p>Lan\u00e7ou cinco \u00e1lbuns de est\u00fadio e um DVD ao vivo. Colaborou com Celso Pi\u00f1a, Aterciopelados, Torreblanca e muitos outros. J\u00e1 atuou na Rep\u00fablica Checa, Alemanha, Portugal, Espanha, M\u00e9xico, Col\u00f4mbia, Cuba, Costa Rica, Brasil, Panam\u00e1 e participou em festivais e f\u00f3runs no M\u00e9xico, incluindo Vive Latino, Cervantino, Coordenada, Auditorio Nacional e Lunario do Auditorio Nacional.<\/p>\n<p>&nbsp;<\/p>\n<p>A sua can\u00e7\u00e3o \u00abHasta Salvarnos\u00bb foi interpretada por mais de 40 mulheres em todo o mundo. Fez m\u00fasica para filmes, curtas-metragens, document\u00e1rios e espet\u00e1culos de teatro.<\/p>\n<p>&nbsp;<\/p>\n<p>Dirige o projeto \u00abVolver al coraz\u00f3n\u00bb, onde d\u00e1 voz \u00e0s mulheres na pris\u00e3o, compondo can\u00e7\u00f5es de testemunho com uma perspetiva humanista atrav\u00e9s de sess\u00f5es de cria\u00e7\u00e3o colectiva. \u00c9 fundadora e diretora de \u00abJueves\u00bb, a primeira editora de m\u00fasica para mulheres no M\u00e9xico. Oferece um concerto en\u00e9rgico e emotivo. Uma celebra\u00e7\u00e3o que abrange diversos g\u00eaneros latino-americanos como a cumbia, a rumba, o son jarocho, a balada e o danz\u00f3n, fundidos com g\u00e9neros de vanguarda.<\/p>\n<p>&nbsp;<\/p>\n<ul>\n<li>11 de setembro: Memorial da Am\u00e9rica Latina, S\u00e3o Paulo, Brasil<\/li>\n<li>13 de setembro: Manouche, Rio de Janeiro, Brasil<\/li>\n<li>14 de setembro: Pa\u00e7o da Liberdade SESC, Curitiba, Brasil<\/li>\n<li>18 de setembro: O Arac\u00e1, Florian\u00f3polis, Brasil<\/li>\n<li>19 de setembro: Casa de M\u00e3e: S\u00e3o Paulo, Brasil<\/li>\n<li>22 de setembro: Caramblola Lab, Macei\u00f3, Brasil<\/li>\n<li>28 de setembro: Boca Cultural, S\u00e3o Paulo, Brasil<\/li>\n<li>02 de outubro: La Esencia, Cusco, Peru<\/li>\n<li>05 de outubro: Brit\u00e1nico Cultural Station, Lima, Peru<\/li>\n<li>09 de outubro: Pasaje Caf\u00e9, Vi\u00f1a del Mar, Chile<\/li>\n<li>11 de outubro: Matucana 100, Santiago, Chile<\/li>\n<li>12 de outubro: Caf\u00e9 Vinilo, Ciudad de Buenos Aires, Argentina<\/li>\n<li>16 de outubro: FAER, Rosario, Santa Fe, Argentina<\/li>\n<li>18 de outubro: Espacio Color Humano, Mar del Plata, Prov\u00edncia de Buenos Aires, Argentina<\/li>\n<\/ul>\n","protected":false},"excerpt":{"rendered":"<p>Leiden, cantora, compositora, ativista e produtora cubano-mexicana, \u00e9 considerada uma das artistas mais importantes da nova can\u00e7\u00e3o latino-americana. Funde as ra\u00edzes latinas com ritmos e g\u00e9neros de vanguarda, com uma produ\u00e7\u00e3o inovadora, r\u00edtmica e de alta qualidade. &nbsp; Lan\u00e7ou cinco \u00e1lbuns de est\u00fadio e um DVD ao vivo. Colaborou com Celso Pi\u00f1a, Aterciopelados, Torreblanca e [&hellip;]<\/p>\n","protected":false},"author":7,"featured_media":20005,"comment_status":"closed","ping_status":"closed","sticky":false,"template":"","format":"standard","meta":{"footnotes":""},"categories":[218],"tags":[],"class_list":["post-20007","post","type-post","status-publish","format-standard","has-post-thumbnail","hentry","category-noticias-generales-pt"],"lang":"pt","translations":{"pt":20007,"es":20004},"pll_sync_post":[],"post_mailing_queue_ids":[],"_links":{"self":[{"href":"http:\/\/staging.ibermusicas.org\/index.php\/wp-json\/wp\/v2\/posts\/20007","targetHints":{"allow":["GET"]}}],"collection":[{"href":"http:\/\/staging.ibermusicas.org\/index.php\/wp-json\/wp\/v2\/posts"}],"about":[{"href":"http:\/\/staging.ibermusicas.org\/index.php\/wp-json\/wp\/v2\/types\/post"}],"author":[{"embeddable":true,"href":"http:\/\/staging.ibermusicas.org\/index.php\/wp-json\/wp\/v2\/users\/7"}],"replies":[{"embeddable":true,"href":"http:\/\/staging.ibermusicas.org\/index.php\/wp-json\/wp\/v2\/comments?post=20007"}],"version-history":[{"count":1,"href":"http:\/\/staging.ibermusicas.org\/index.php\/wp-json\/wp\/v2\/posts\/20007\/revisions"}],"predecessor-version":[{"id":20008,"href":"http:\/\/staging.ibermusicas.org\/index.php\/wp-json\/wp\/v2\/posts\/20007\/revisions\/20008"}],"wp:featuredmedia":[{"embeddable":true,"href":"http:\/\/staging.ibermusicas.org\/index.php\/wp-json\/wp\/v2\/media\/20005"}],"wp:attachment":[{"href":"http:\/\/staging.ibermusicas.org\/index.php\/wp-json\/wp\/v2\/media?parent=20007"}],"wp:term":[{"taxonomy":"category","embeddable":true,"href":"http:\/\/staging.ibermusicas.org\/index.php\/wp-json\/wp\/v2\/categories?post=20007"},{"taxonomy":"post_tag","embeddable":true,"href":"http:\/\/staging.ibermusicas.org\/index.php\/wp-json\/wp\/v2\/tags?post=20007"}],"curies":[{"name":"wp","href":"https:\/\/api.w.org\/{rel}","templated":true}]}}