{"id":20011,"date":"2024-08-30T18:50:58","date_gmt":"2024-08-30T18:50:58","guid":{"rendered":"http:\/\/staging.ibermusicas.org\/?p=20011"},"modified":"2024-09-30T14:00:42","modified_gmt":"2024-09-30T14:00:42","slug":"el-saxofonista-ecuatoriano-gandhy-rubio-anuncia-su-proxima-gira-por-colombia","status":"publish","type":"post","link":"http:\/\/staging.ibermusicas.org\/index.php\/el-saxofonista-ecuatoriano-gandhy-rubio-anuncia-su-proxima-gira-por-colombia\/","title":{"rendered":"El saxofonista ecuatoriano Gandhy Rubio anuncia su pr\u00f3xima gira por Colombia"},"content":{"rendered":"<p>Gandhy Rubio es compositor saxofonista y docente. Licenciado en M\u00fasica Contempor\u00e1nea por la Universidad San Francisco de Quito y Maestr\u00eda en Composici\u00f3n en la Escuela Superior de M\u00fasica de Catalunya ESMUC en Barcelona. A lo largo de su carrera, ha llevado a cabo giras musicales por Am\u00e9rica del Sur, EEUU y Europa. Ha tenido la oportunidad de tocar el saxof\u00f3n junto a la Banda Sinf\u00f3nica Metropolitana de Quito, Orquesta de Jazz del Ecuador, Quinteto de Saxofones de Marvin Holladay, Yarina, Yurgaky, La Mala Ma\u00f1a, Alanaire (Espa\u00f1a), David West, Mauricio Vicencio entre otros. En representaci\u00f3n del Ecuador fue parte del festival Internacional de Saxof\u00f3n Per\u00fa 2020.<\/p>\n<p>Gandhy Rubio se ha destacado en el \u00e1mbito de los arreglos musicales, trabajando con artistas como Mariela Condo, Pamela Cort\u00e9z, Margarita Lasso, Igor Icaza y Los NIN. Ha dirigido y arreglado para la Big Band de Cotacachi y la Big Band del Instituto Luis Ulpiano de la Torre.<\/p>\n<p>Ha sido galardonado con los premios concursables del Ministerio de Cultura y Patrimonio del Ecuador (IFCI) en la edici\u00f3n 2021 y con el premio PIM en la edici\u00f3n 2022 en la categor\u00eda de Jazz de SAYCE.<\/p>\n<p>Ha sido docente de saxof\u00f3n, arreglos y composici\u00f3n en los conservatorios Franz Liszt y Mozarte, y en el Instituto Ulpiano de la Torre.<\/p>\n<p>En el a\u00f1o 2022, lanz\u00f3 el EP titulado \u00abOrigen\u00bb. Actualmente, se encuentra preparando el lanzamiento de su disco titulado \u201cNangulv\u00ed\u201d, el cual presenta composiciones propias que integran g\u00e9neros tradicionales ecuatorianos con el jazz y la m\u00fasica moderna. Con un formato instrumental compuesto por saxof\u00f3n, trompeta, clarinete bajo, marimba, vibr\u00e1fono, piano, contrabajo, bater\u00eda y percusi\u00f3n. La esencia de la m\u00fasica refleja la figura del caminante que regresa a su tierra, enriqueci\u00e9ndose con recursos musicales que permiten al compositor explorar nuevos caminos y formas musicales, honrando su historia mientras evoluciona en el presente.<\/p>\n<ul>\n<li>Jueves 12 de septiembre, masterclass en la Universidad ICESI, Cali, Colombia<\/li>\n<li>Viernes 13 de septiembre, 19h: concierto en el festival Ajazzgo, Teatro Salamandra, Cali, Colombia<\/li>\n<\/ul>\n","protected":false},"excerpt":{"rendered":"<p>Gandhy Rubio es compositor saxofonista y docente. Licenciado en M\u00fasica Contempor\u00e1nea por la Universidad San Francisco de Quito y Maestr\u00eda en Composici\u00f3n en la Escuela Superior de M\u00fasica de Catalunya ESMUC en Barcelona. A lo largo de su carrera, ha llevado a cabo giras musicales por Am\u00e9rica del Sur, EEUU y Europa. Ha tenido la [&hellip;]<\/p>\n","protected":false},"author":7,"featured_media":20013,"comment_status":"closed","ping_status":"closed","sticky":false,"template":"","format":"standard","meta":{"footnotes":""},"categories":[53],"tags":[],"class_list":["post-20011","post","type-post","status-publish","format-standard","has-post-thumbnail","hentry","category-noticias-generales"],"lang":"es","translations":{"es":20011,"pt":20015},"pll_sync_post":[],"post_mailing_queue_ids":[],"_links":{"self":[{"href":"http:\/\/staging.ibermusicas.org\/index.php\/wp-json\/wp\/v2\/posts\/20011","targetHints":{"allow":["GET"]}}],"collection":[{"href":"http:\/\/staging.ibermusicas.org\/index.php\/wp-json\/wp\/v2\/posts"}],"about":[{"href":"http:\/\/staging.ibermusicas.org\/index.php\/wp-json\/wp\/v2\/types\/post"}],"author":[{"embeddable":true,"href":"http:\/\/staging.ibermusicas.org\/index.php\/wp-json\/wp\/v2\/users\/7"}],"replies":[{"embeddable":true,"href":"http:\/\/staging.ibermusicas.org\/index.php\/wp-json\/wp\/v2\/comments?post=20011"}],"version-history":[{"count":1,"href":"http:\/\/staging.ibermusicas.org\/index.php\/wp-json\/wp\/v2\/posts\/20011\/revisions"}],"predecessor-version":[{"id":20014,"href":"http:\/\/staging.ibermusicas.org\/index.php\/wp-json\/wp\/v2\/posts\/20011\/revisions\/20014"}],"wp:featuredmedia":[{"embeddable":true,"href":"http:\/\/staging.ibermusicas.org\/index.php\/wp-json\/wp\/v2\/media\/20013"}],"wp:attachment":[{"href":"http:\/\/staging.ibermusicas.org\/index.php\/wp-json\/wp\/v2\/media?parent=20011"}],"wp:term":[{"taxonomy":"category","embeddable":true,"href":"http:\/\/staging.ibermusicas.org\/index.php\/wp-json\/wp\/v2\/categories?post=20011"},{"taxonomy":"post_tag","embeddable":true,"href":"http:\/\/staging.ibermusicas.org\/index.php\/wp-json\/wp\/v2\/tags?post=20011"}],"curies":[{"name":"wp","href":"https:\/\/api.w.org\/{rel}","templated":true}]}}