{"id":20015,"date":"2024-08-30T18:52:16","date_gmt":"2024-08-30T18:52:16","guid":{"rendered":"http:\/\/staging.ibermusicas.org\/?p=20015"},"modified":"2024-09-30T13:46:06","modified_gmt":"2024-09-30T13:46:06","slug":"o-saxofonista-equatoriano-gandhy-rubio-anuncia-a-sua-proxima-digressao-na-colombia","status":"publish","type":"post","link":"http:\/\/staging.ibermusicas.org\/index.php\/o-saxofonista-equatoriano-gandhy-rubio-anuncia-a-sua-proxima-digressao-na-colombia\/","title":{"rendered":"O saxofonista equatoriano Gandhy Rubio anuncia a sua pr\u00f3xima digress\u00e3o na Col\u00f4mbia"},"content":{"rendered":"<p>Gandhy Rubio \u00e9 saxofonista, compositor e professor. \u00c9 licenciado em M\u00fasica Contempor\u00e2nea pela Universidad San Francisco de Quito e tem um mestrado em Composi\u00e7\u00e3o pela Escuela Superior de M\u00fasica de Catalunya ESMUC em Barcelona. Ao longo da sua carreira, fez digress\u00f5es pela Am\u00e9rica do Sul, EUA e Europa. Teve a oportunidade de tocar saxofone com a Banda Sinf\u00f3nica Metropolitana de Quito, a Orquestra de Jazz do Equador, o Quinteto de Saxofones Marvin Holladay, Yarina, Yurgaky, La Mala Ma\u00f1a, Alanaire (Espanha), David West, Mauricio Vicencio e outros. Em nome do Equador, fez parte do Festival Internacional de Saxofone Peru 2020.<\/p>\n<p>Gandhy Rubio tem-se destacado no campo dos arranjos musicais, trabalhando com artistas como Mariela Condo, Pamela Cort\u00e9z, Margarita Lasso, Igor Icaza e Los NIN. Dirigiu e fez arranjos para a Big Band de Cotacachi e a Big Band do Instituto Luis Ulpiano de la Torre.<\/p>\n<p>Foi galardoado com os pr\u00e9mios do concurso do Minist\u00e9rio da Cultura e Patrim\u00f3nio do Equador (IFCI) na edi\u00e7\u00e3o de 2021 e com o pr\u00e9mio PIM na edi\u00e7\u00e3o de 2022 na categoria Jazz do SAYCE.<\/p>\n<p>Foi professor de saxofone, arranjo e composi\u00e7\u00e3o nos conservat\u00f3rios Franz Liszt e Mozarte, e no Instituto Ulpiano de la Torre.<\/p>\n<p>Em 2022, lan\u00e7ou o EP intitulado \u201cOrigen\u201d. Atualmente, est\u00e1 a preparar o lan\u00e7amento do seu \u00e1lbum intitulado \u201cNangulv\u00ed\u201d, que apresenta composi\u00e7\u00f5es pr\u00f3prias que integram g\u00e9neros tradicionais equatorianos com jazz e m\u00fasica moderna, com um formato instrumental composto por saxofone, trompete, clarinete baixo, marimba, vibrafone, piano, contrabaixo, bateria e percuss\u00e3o. A ess\u00eancia da m\u00fasica reflecte a figura do errante que regressa \u00e0 sua terra, enriquecendo-se com recursos musicais que permitem ao compositor explorar novos caminhos e formas musicais, honrando a sua hist\u00f3ria enquanto evolui no presente.<\/p>\n<ul>\n<li>Quinta-feira, 12 de setembro, masterclass na Universidad ICESI<\/li>\n<li>Sexta-feira, 13 de setembro, 19h: concerto no festival Ajazzgo, Teatro Salamandra<\/li>\n<\/ul>\n","protected":false},"excerpt":{"rendered":"<p>Gandhy Rubio \u00e9 saxofonista, compositor e professor. \u00c9 licenciado em M\u00fasica Contempor\u00e2nea pela Universidad San Francisco de Quito e tem um mestrado em Composi\u00e7\u00e3o pela Escuela Superior de M\u00fasica de Catalunya ESMUC em Barcelona. Ao longo da sua carreira, fez digress\u00f5es pela Am\u00e9rica do Sul, EUA e Europa. Teve a oportunidade de tocar saxofone com [&hellip;]<\/p>\n","protected":false},"author":7,"featured_media":20013,"comment_status":"closed","ping_status":"closed","sticky":false,"template":"","format":"standard","meta":{"footnotes":""},"categories":[218],"tags":[],"class_list":["post-20015","post","type-post","status-publish","format-standard","has-post-thumbnail","hentry","category-noticias-generales-pt"],"lang":"pt","translations":{"pt":20015,"es":20011},"pll_sync_post":[],"post_mailing_queue_ids":[],"_links":{"self":[{"href":"http:\/\/staging.ibermusicas.org\/index.php\/wp-json\/wp\/v2\/posts\/20015","targetHints":{"allow":["GET"]}}],"collection":[{"href":"http:\/\/staging.ibermusicas.org\/index.php\/wp-json\/wp\/v2\/posts"}],"about":[{"href":"http:\/\/staging.ibermusicas.org\/index.php\/wp-json\/wp\/v2\/types\/post"}],"author":[{"embeddable":true,"href":"http:\/\/staging.ibermusicas.org\/index.php\/wp-json\/wp\/v2\/users\/7"}],"replies":[{"embeddable":true,"href":"http:\/\/staging.ibermusicas.org\/index.php\/wp-json\/wp\/v2\/comments?post=20015"}],"version-history":[{"count":1,"href":"http:\/\/staging.ibermusicas.org\/index.php\/wp-json\/wp\/v2\/posts\/20015\/revisions"}],"predecessor-version":[{"id":20017,"href":"http:\/\/staging.ibermusicas.org\/index.php\/wp-json\/wp\/v2\/posts\/20015\/revisions\/20017"}],"wp:featuredmedia":[{"embeddable":true,"href":"http:\/\/staging.ibermusicas.org\/index.php\/wp-json\/wp\/v2\/media\/20013"}],"wp:attachment":[{"href":"http:\/\/staging.ibermusicas.org\/index.php\/wp-json\/wp\/v2\/media?parent=20015"}],"wp:term":[{"taxonomy":"category","embeddable":true,"href":"http:\/\/staging.ibermusicas.org\/index.php\/wp-json\/wp\/v2\/categories?post=20015"},{"taxonomy":"post_tag","embeddable":true,"href":"http:\/\/staging.ibermusicas.org\/index.php\/wp-json\/wp\/v2\/tags?post=20015"}],"curies":[{"name":"wp","href":"https:\/\/api.w.org\/{rel}","templated":true}]}}