{"id":20018,"date":"2024-08-30T18:55:17","date_gmt":"2024-08-30T18:55:17","guid":{"rendered":"http:\/\/staging.ibermusicas.org\/?p=20018"},"modified":"2024-09-30T14:00:34","modified_gmt":"2024-09-30T14:00:34","slug":"el-patronato-de-la-escuela-superior-de-musica-y-danza-de-monterrey-de-mexico-presenta-la-obra-fu-sion","status":"publish","type":"post","link":"http:\/\/staging.ibermusicas.org\/index.php\/el-patronato-de-la-escuela-superior-de-musica-y-danza-de-monterrey-de-mexico-presenta-la-obra-fu-sion\/","title":{"rendered":"El Patronato de la Escuela Superior de M\u00fasica y Danza de Monterrey de M\u00e9xico presenta la obra \u201cFu-si\u00f3n\u201d"},"content":{"rendered":"<p>\u00abFu-si\u00f3n\u00bb es una obra musical especialmente concebida para un ensamble de percusiones y est\u00e1 dedicada a Q-SION Percusi\u00f3n. En su esencia, esta composici\u00f3n busca explorar una amplia gama de estados en\u00e9rgicos y virtuosos, aprovechando la riqueza y diversidad que ofrece la familia de instrumentos de percusi\u00f3n. Esta pieza se sumerge en un mundo donde los sonidos, la cultura japonesa y la experimentaci\u00f3n t\u00edmbrica se entrelazan en un viaje musical surrealista.<\/p>\n<p>El v\u00ednculo directo de \u00abFu-si\u00f3n\u00bb con la cultura japonesa es un elemento distintivo de la obra, y se manifiesta principalmente a trav\u00e9s de su relaci\u00f3n con el anim\u00e9 y el J-pop. Estos elementos culturales influyen en la composici\u00f3n tanto en su aspecto musical como visual. La m\u00fasica, en su esencia, se convierte en un medio para llevar a la audiencia a trav\u00e9s de mundos imaginarios y surrealistas, donde la fusi\u00f3n de sonidos y estilos culturales se convierte en una experiencia \u00fanica.<\/p>\n<p>Uno de los aspectos m\u00e1s destacados de \u00abFu-sion\u00bb es la exploraci\u00f3n t\u00edmbrica de los instrumentos de percusi\u00f3n. La obra utiliza la amplia variedad de texturas y colores sonoros que estos instrumentos pueden producir, creando as\u00ed un paisaje auditivo diverso y emocionante. Esta exploraci\u00f3n t\u00edmbrica no solo enriquece la experiencia musical, sino que tambi\u00e9n agrega profundidad a la conexi\u00f3n con la cultura japonesa, ya que los sonidos evocan im\u00e1genes y emociones relacionadas con esta cultura.<\/p>\n<p>Adem\u00e1s de la influencia cultural y la exploraci\u00f3n t\u00edmbrica, \u00abFu-si\u00f3n\u00bb tambi\u00e9n incorpora elementos teatrales delirantes. La teatralidad se manifiesta a trav\u00e9s del uso de \u00abobjets trouv\u00e9s\u00bb o juguetes sonoros, lo que agrega una dimensi\u00f3n visual y performativa a la obra. Estos elementos teatrales amplifican la experiencia del espectador al agregar un componente visual y esc\u00e9nico a la m\u00fasica, creando as\u00ed una experiencia multisensorial.<\/p>\n<p>Q-SI\u00d3N es un conjunto de percusi\u00f3n compuesto por talentosos percusionistas profesionales radicados en Nuevo Le\u00f3n, M\u00e9xico, que se ha destacado desde su fundaci\u00f3n en 2018 por su enfoque en la interpretaci\u00f3n de obras contempor\u00e1neas, la experimentaci\u00f3n con tecnolog\u00eda y la exploraci\u00f3n de instrumentos de percusi\u00f3n no convencionales. Ha recibido premios y distinciones, realizado giras educativas, participado en eventos y exposiciones destacadas, y colaborado con artistas de diversas disciplinas. Su proyecto \u00abHorizontes T\u00edmbricos\u00bb ha sido un punto culminante, consolid\u00e1ndose como un ensamble de relevancia internacional. Su compromiso con la innovaci\u00f3n y la exploraci\u00f3n en la m\u00fasica de percusi\u00f3n es evidente en su continua actividad y participaci\u00f3n en el escenario musical contempor\u00e1neo.<\/p>\n<p>El Patronato de la Escuela Superior de M\u00fasica y Danza de Monterrey es una Asociaci\u00f3n Civil sin fines de lucro dedicada a impulsar el desarrollo profesional de todos los miembros de la Instituci\u00f3n, proteger el Patrimonio cultural de la Ciudad de Monterrey y recaudar y administrar recursos para la generaci\u00f3n de proyectos estrat\u00e9gicos y mejoras a la infraestructura u organizaci\u00f3n, para un crecimiento institucional sostenido y sostenible.<\/p>\n<p>Participan de esta residencia: Demian Rudel Rey \u2013 compositor guitarrista y videasta \u2013 oriundo de la Ciudad de Buenos Aires (Argentina) y residente actualmente en Lyon (Francia), Roc\u00edo Cano Vali\u00f1o, compositora de Buenos Aires (Argentina), Sabo Romero (M\u00e9xico) y Eusebio S\u00e1nchez, originario de Monterrey (M\u00e9xico).<\/p>\n<ul>\n<li>26 de agosto al 11 de septiembre: Trabajo de Demian Rudel Rey con el Ensample Q-Sion y con con compositores de la ESMDM en la Escuela Superior de M\u00fasica y Danza de Monterrey, Nuevo Le\u00f3n, M\u00e9xico<\/li>\n<li>11 de septiembre, 17h: Concierto estreno Fu-Si\u00f3n en Sala Chopin de la Escuela Superior de M\u00fasica y Danza de Monterrey, Nuevo Le\u00f3n, M\u00e9xico<\/li>\n<\/ul>\n","protected":false},"excerpt":{"rendered":"<p>\u00abFu-si\u00f3n\u00bb es una obra musical especialmente concebida para un ensamble de percusiones y est\u00e1 dedicada a Q-SION Percusi\u00f3n. En su esencia, esta composici\u00f3n busca explorar una amplia gama de estados en\u00e9rgicos y virtuosos, aprovechando la riqueza y diversidad que ofrece la familia de instrumentos de percusi\u00f3n. Esta pieza se sumerge en un mundo donde los [&hellip;]<\/p>\n","protected":false},"author":7,"featured_media":20020,"comment_status":"closed","ping_status":"closed","sticky":false,"template":"","format":"standard","meta":{"footnotes":""},"categories":[53],"tags":[],"class_list":["post-20018","post","type-post","status-publish","format-standard","has-post-thumbnail","hentry","category-noticias-generales"],"lang":"es","translations":{"es":20018,"pt":20024},"pll_sync_post":[],"post_mailing_queue_ids":[],"_links":{"self":[{"href":"http:\/\/staging.ibermusicas.org\/index.php\/wp-json\/wp\/v2\/posts\/20018","targetHints":{"allow":["GET"]}}],"collection":[{"href":"http:\/\/staging.ibermusicas.org\/index.php\/wp-json\/wp\/v2\/posts"}],"about":[{"href":"http:\/\/staging.ibermusicas.org\/index.php\/wp-json\/wp\/v2\/types\/post"}],"author":[{"embeddable":true,"href":"http:\/\/staging.ibermusicas.org\/index.php\/wp-json\/wp\/v2\/users\/7"}],"replies":[{"embeddable":true,"href":"http:\/\/staging.ibermusicas.org\/index.php\/wp-json\/wp\/v2\/comments?post=20018"}],"version-history":[{"count":1,"href":"http:\/\/staging.ibermusicas.org\/index.php\/wp-json\/wp\/v2\/posts\/20018\/revisions"}],"predecessor-version":[{"id":20022,"href":"http:\/\/staging.ibermusicas.org\/index.php\/wp-json\/wp\/v2\/posts\/20018\/revisions\/20022"}],"wp:featuredmedia":[{"embeddable":true,"href":"http:\/\/staging.ibermusicas.org\/index.php\/wp-json\/wp\/v2\/media\/20020"}],"wp:attachment":[{"href":"http:\/\/staging.ibermusicas.org\/index.php\/wp-json\/wp\/v2\/media?parent=20018"}],"wp:term":[{"taxonomy":"category","embeddable":true,"href":"http:\/\/staging.ibermusicas.org\/index.php\/wp-json\/wp\/v2\/categories?post=20018"},{"taxonomy":"post_tag","embeddable":true,"href":"http:\/\/staging.ibermusicas.org\/index.php\/wp-json\/wp\/v2\/tags?post=20018"}],"curies":[{"name":"wp","href":"https:\/\/api.w.org\/{rel}","templated":true}]}}