{"id":20024,"date":"2024-08-30T18:56:36","date_gmt":"2024-08-30T18:56:36","guid":{"rendered":"http:\/\/staging.ibermusicas.org\/?p=20024"},"modified":"2024-09-30T13:45:54","modified_gmt":"2024-09-30T13:45:54","slug":"o-patronato-da-escuela-superior-de-musica-y-danza-de-monterrey-no-mexico-apresenta-a-obra-fu-sion","status":"publish","type":"post","link":"http:\/\/staging.ibermusicas.org\/index.php\/o-patronato-da-escuela-superior-de-musica-y-danza-de-monterrey-no-mexico-apresenta-a-obra-fu-sion\/","title":{"rendered":"O Patronato da Escuela Superior de M\u00fasica y Danza de Monterrey, no M\u00e9xico, apresenta a obra \u201cFu-si\u00f3n\u201d"},"content":{"rendered":"<p>\u201cFu-si\u00f3n\u201d \u00e9 uma obra musical especialmente concebida para um ensemble de percuss\u00e3o e \u00e9 dedicada \u00e0 Q-SION Percussion. Na sua ess\u00eancia, esta composi\u00e7\u00e3o procura explorar uma vasta gama de estados energ\u00e9ticos e virtuosismos, tirando partido da riqueza e diversidade oferecidas pela fam\u00edlia de instrumentos de percuss\u00e3o. Esta pe\u00e7a mergulha num mundo onde os sons, a cultura japonesa e a experimenta\u00e7\u00e3o t\u00edmbrica se entrela\u00e7am numa viagem musical surrealista.<\/p>\n<p>A liga\u00e7\u00e3o direta de Fu-sion \u00e0 cultura japonesa \u00e9 um elemento distintivo da obra, e manifesta-se principalmente atrav\u00e9s da sua rela\u00e7\u00e3o com o anime e o J-pop. Estes elementos culturais influenciam a composi\u00e7\u00e3o tanto musicalmente como visualmente. A m\u00fasica, na sua ess\u00eancia, torna-se um meio de levar o p\u00fablico atrav\u00e9s de mundos imagin\u00e1rios e surreais, onde a fus\u00e3o de sons e estilos culturais se torna numa experi\u00eancia \u00fanica.<\/p>\n<p>Um dos pontos altos de \u201cFu-sion\u201d \u00e9 a explora\u00e7\u00e3o t\u00edmbrica dos instrumentos de percuss\u00e3o. A obra faz uso da grande variedade de texturas e cores sonoras que estes instrumentos podem produzir, criando assim uma paisagem sonora diversificada e excitante. Esta explora\u00e7\u00e3o t\u00edmbrica n\u00e3o s\u00f3 enriquece a experi\u00eancia musical, como tamb\u00e9m aprofunda a liga\u00e7\u00e3o \u00e0 cultura japonesa, uma vez que os sons evocam imagens e emo\u00e7\u00f5es relacionadas com esta cultura.<\/p>\n<p>Para al\u00e9m da influ\u00eancia cultural e da explora\u00e7\u00e3o t\u00edmbrica, \u201cFu-sion\u201d tamb\u00e9m incorpora elementos teatrais delirantes. A teatralidade manifesta-se atrav\u00e9s do uso de \u201cobjets trouv\u00e9s\u201d ou brinquedos sonoros, que acrescentam uma dimens\u00e3o visual e performativa \u00e0 obra. Estes elementos teatrais amplificam a experi\u00eancia do espectador, adicionando uma componente visual e c\u00e9nica \u00e0 m\u00fasica, criando assim uma experi\u00eancia multissensorial.<\/p>\n<p>Q-SI\u00d3N \u00e9 um conjunto de percuss\u00e3o composto por talentosos percussionistas profissionais sediados em Nuevo Le\u00f3n, M\u00e9xico, que se tem destacado desde a sua funda\u00e7\u00e3o em 2018 pelo seu foco na execu\u00e7\u00e3o de obras contempor\u00e2neas, experimenta\u00e7\u00e3o com tecnologia e explora\u00e7\u00e3o de instrumentos de percuss\u00e3o n\u00e3o convencionais. Recebeu pr\u00e9mios e distin\u00e7\u00f5es, realizou digress\u00f5es educativas, participou em eventos e exposi\u00e7\u00f5es de destaque e colaborou com artistas de v\u00e1rias disciplinas. O seu projeto \u201cHorizontes T\u00edmbricos\u201d tem sido um destaque, consolidando-se como um ensemble de relev\u00e2ncia internacional. O seu compromisso com a inova\u00e7\u00e3o e a explora\u00e7\u00e3o da m\u00fasica de percuss\u00e3o \u00e9 evidente na sua cont\u00ednua atividade e participa\u00e7\u00e3o na cena musical contempor\u00e2nea.<\/p>\n<p>O Patronato da Escuela Superior de M\u00fasica y Danza de Monterrey \u00e9 uma Associa\u00e7\u00e3o Civil sem fins lucrativos que se dedica a promover o desenvolvimento profissional de todos os membros da Institui\u00e7\u00e3o, a proteger o patrim\u00f3nio cultural da cidade de Monterrey e a gerir recursos para a gera\u00e7\u00e3o de projectos estrat\u00e9gicos e melhorias na infraestrutura ou organiza\u00e7\u00e3o, para um crescimento institucional sustentado e sustent\u00e1vel.<\/p>\n<p>Participam nesta resid\u00eancia: Demian Rudel Rey &#8211; compositor, guitarrista e videomaker &#8211; origin\u00e1rio de Buenos Aires (Argentina) e atualmente a viver em Lyon (Fran\u00e7a), Roc\u00edo Cano Vali\u00f1o, compositora de Buenos Aires (Argentina), Sabo Romero (M\u00e9xico) e Eusebio S\u00e1nchez, origin\u00e1rio de Monterrey (M\u00e9xico).<\/p>\n<ul>\n<li>26 de agosto a 11 de setembro: Trabalho de Demian Rudel Rey com o Ensample Q-Sion e com compositores da ESMDM na Escuela Superior de M\u00fasica y Danza de Monterrey, Nuevo Le\u00f3n, M\u00e9xico<\/li>\n<li>11 de setembro, 17h: Concerto de estreia Fu-Si\u00f3n na Sala Chopin da Escuela Superior de M\u00fasica y Danza de Monterrey, Nuevo Le\u00f3n, M\u00e9xico<\/li>\n<\/ul>\n","protected":false},"excerpt":{"rendered":"<p>\u201cFu-si\u00f3n\u201d \u00e9 uma obra musical especialmente concebida para um ensemble de percuss\u00e3o e \u00e9 dedicada \u00e0 Q-SION Percussion. Na sua ess\u00eancia, esta composi\u00e7\u00e3o procura explorar uma vasta gama de estados energ\u00e9ticos e virtuosismos, tirando partido da riqueza e diversidade oferecidas pela fam\u00edlia de instrumentos de percuss\u00e3o. Esta pe\u00e7a mergulha num mundo onde os sons, a [&hellip;]<\/p>\n","protected":false},"author":7,"featured_media":20020,"comment_status":"closed","ping_status":"closed","sticky":false,"template":"","format":"standard","meta":{"footnotes":""},"categories":[218],"tags":[],"class_list":["post-20024","post","type-post","status-publish","format-standard","has-post-thumbnail","hentry","category-noticias-generales-pt"],"lang":"pt","translations":{"pt":20024,"es":20018},"pll_sync_post":[],"post_mailing_queue_ids":[],"_links":{"self":[{"href":"http:\/\/staging.ibermusicas.org\/index.php\/wp-json\/wp\/v2\/posts\/20024","targetHints":{"allow":["GET"]}}],"collection":[{"href":"http:\/\/staging.ibermusicas.org\/index.php\/wp-json\/wp\/v2\/posts"}],"about":[{"href":"http:\/\/staging.ibermusicas.org\/index.php\/wp-json\/wp\/v2\/types\/post"}],"author":[{"embeddable":true,"href":"http:\/\/staging.ibermusicas.org\/index.php\/wp-json\/wp\/v2\/users\/7"}],"replies":[{"embeddable":true,"href":"http:\/\/staging.ibermusicas.org\/index.php\/wp-json\/wp\/v2\/comments?post=20024"}],"version-history":[{"count":1,"href":"http:\/\/staging.ibermusicas.org\/index.php\/wp-json\/wp\/v2\/posts\/20024\/revisions"}],"predecessor-version":[{"id":20026,"href":"http:\/\/staging.ibermusicas.org\/index.php\/wp-json\/wp\/v2\/posts\/20024\/revisions\/20026"}],"wp:featuredmedia":[{"embeddable":true,"href":"http:\/\/staging.ibermusicas.org\/index.php\/wp-json\/wp\/v2\/media\/20020"}],"wp:attachment":[{"href":"http:\/\/staging.ibermusicas.org\/index.php\/wp-json\/wp\/v2\/media?parent=20024"}],"wp:term":[{"taxonomy":"category","embeddable":true,"href":"http:\/\/staging.ibermusicas.org\/index.php\/wp-json\/wp\/v2\/categories?post=20024"},{"taxonomy":"post_tag","embeddable":true,"href":"http:\/\/staging.ibermusicas.org\/index.php\/wp-json\/wp\/v2\/tags?post=20024"}],"curies":[{"name":"wp","href":"https:\/\/api.w.org\/{rel}","templated":true}]}}