{"id":20029,"date":"2024-08-30T19:00:07","date_gmt":"2024-08-30T19:00:07","guid":{"rendered":"http:\/\/staging.ibermusicas.org\/?p=20029"},"modified":"2024-09-30T14:00:28","modified_gmt":"2024-09-30T14:00:28","slug":"el-compositor-paraguayo-mateo-servian-sforza-realizara-una-residencia-de-creacion-en-buenos-aires-con-el-ensamble-tropi-que-culminara-con-el-estreno-de-la-obra-cromatropo-0-49-83","status":"publish","type":"post","link":"http:\/\/staging.ibermusicas.org\/index.php\/el-compositor-paraguayo-mateo-servian-sforza-realizara-una-residencia-de-creacion-en-buenos-aires-con-el-ensamble-tropi-que-culminara-con-el-estreno-de-la-obra-cromatropo-0-49-83\/","title":{"rendered":"El compositor paraguayo Mateo Servi\u00e1n Sforza realizar\u00e1 una residencia de creaci\u00f3n en Buenos Aires con el Ensamble Tropi que culminar\u00e1 con el estreno de la obra Cromatropo [0, 49, 83]"},"content":{"rendered":"<p>Gracias al apoyo brindado por el Programa Iberm\u00fasicas a trav\u00e9s de la Convocatoria 2023 de \u201cAyuda a compositores para residencias art\u00edsticas\u201d, el joven compositor paraguayo Mateo Servi\u00e1n Sforza realizar\u00e1 una residencia de creaci\u00f3n en la ciudad de Buenos Aires (Argentina) en la que colaborar\u00e1 con el Ensamble Tropi, prestigiosa agrupaci\u00f3n argentina dedicada a la m\u00fasica contempor\u00e1nea. La residencia concluir\u00e1 con el estreno de la obra \u201c<em>Cromatropo [0, 49, 83]<\/em>\u201d en un concierto a ser realizado por el Ensamble Tropi en el Centro Cultural Recoleta de la Ciudad de Buenos Aires.<\/p>\n<p>Durante las tres semanas de residencia el compositor trabajar\u00e1 junto a los m\u00fasicos del Ensamble realizando ensayos musicales individuales y grupales, con el objetivo de ultimar los detalles de la partitura y de profundizar paralelamente la interpretaci\u00f3n del Ensamble, de forma a preparar el estreno de la obra.<\/p>\n<p>La composici\u00f3n, instrumentada para flauta, percusi\u00f3n, guitarra el\u00e9ctrica y violoncello, indaga en el concepto musical de \u201ctimbre\u201d, experimentando con posibilidades sonoras no convencionales a trav\u00e9s de un enfoque fenomenol\u00f3gico que considera la dimensi\u00f3n del color como el punto de partida del lenguaje, y no como mero accesorio decorativo. Figuraciones sonoras emergen desde un magma pulsante, en un flujo de pura energ\u00eda ac\u00fastica en continua transformaci\u00f3n.<\/p>\n<p>El t\u00edtulo de la obra hace referencia por un lado al concepto del \u201cmovimiento del color\u201d, ya que en griego el t\u00e9rmino <em>croma<\/em> significa color y <em>tropos<\/em> cambio o direcci\u00f3n; la uni\u00f3n de estos t\u00e9rminos griegos dio origen en el siglo XVI a la palabra \u201ccromatropo\u201d, que designaba un dispositivo que produc\u00eda im\u00e1genes coloradas en movimiento a trav\u00e9s de la superposici\u00f3n de dos cristales pintados. Asimismo, los n\u00fameros 0, 49, 83 presentes en el t\u00edtulo corresponden al c\u00f3digo RGB del color llamado \u201cazul de Prusia\u201d, que guarda relaci\u00f3n con el repertorio elegido por el Ensamble Tropi para el concierto de estreno, al estar construido alrededor de la <em>Ofrenda Musical<\/em> de J. S. Bach, obra monumental creada por el compositor alem\u00e1n a partir de un tema musical dictado por el Rey Federico II de Prusia.<\/p>\n<p>Mateo Servi\u00e1n Sforza naci\u00f3 en 1991 en Asunci\u00f3n (Paraguay), estudi\u00f3 composici\u00f3n con Mario Garuti en el Conservatorio de Milano. Asimismo, ha frecuentado masterclasses y seminarios de importantes compositores. Recibi\u00f3 en dos ocasiones el Premio de Composici\u00f3n del Programa Iberm\u00fasicas, en los a\u00f1os 2021 y 2022, adem\u00e1s de la Menci\u00f3n de Honor en el Premio Nacional de M\u00fasica del Paraguay en su edici\u00f3n 2023. Sus composiciones han sido interpretadas en importantes festivales dedicados a la m\u00fasica contempor\u00e1nea. Realiz\u00f3 estudios de piano en el Conservatorio de Roma, y, posteriormente, en el Conservatorio de Milano, donde concluy\u00f3 su M\u00e1ster en Piano recibiendo una sobresaliente calificaci\u00f3n final, perfeccion\u00e1ndose sucesivamente con Daniel Rivera. Se ha presentado como solista y en formaciones de c\u00e1mara, tocando en importantes salas de concierto. Ha tocado como solista junto a la Orquesta Sinf\u00f3nica del Congreso del Paraguay y a la Orquesta Sinf\u00f3nica de la Ciudad de Asunci\u00f3n. Colabora establemente con la mezzosoprano italiana Eleonora de Prez: el d\u00fao obtuvo el Premio Nacional de las Artes del Gobierno Italiano (en la categor\u00eda de M\u00fasica Vocal de C\u00e1mara de la Edici\u00f3n 2020), el Primer Premio Absoluto del 19\u00b0 Concurso \u00abSeghizzi\u00bb de Gorizia, y el Premio FIDAPA del 6\u00b0 Concurso \u00abElsa Respighi\u00bb de Verona. Ha ense\u00f1ado como profesor invitado en el Conservatorio \u00abFranco Vittadini\u00bb de Pavia (Italia). Asimismo, ha brindado seminarios y workshops en el Conservatorio Nacional del Paraguay y en la Universidad Nacional de Asunci\u00f3n.<\/p>\n<p>El Ensamble Tropi es una agrupaci\u00f3n estable dedicada a la divulgaci\u00f3n de la m\u00fasica de c\u00e1mara de los siglos XX y XXI. Surgi\u00f3 en mayo de 2008 y desde entonces sus presentaciones en la escena musical argentina le han valido los m\u00e1s elogiosos comentarios, tanto del p\u00fablico como de la prensa especializada, constituy\u00e9ndose as\u00ed en uno de los ensambles de m\u00fasica contempor\u00e1nea argentinos m\u00e1s prestigiosos de la actualidad y consolid\u00e1ndose como una agrupaci\u00f3n de proyecci\u00f3n internacional. Su repertorio se caracteriza por el abordaje de obras camer\u00edsticas de compositores internacionales, argentinos y latinoamericanos, como tambi\u00e9n el encargo permanente a j\u00f3venes compositores. Sumado a las presentaciones en formato de concierto, la versatilidad de sus propuestas art\u00edsticas incluyen la interacci\u00f3n con nuevas tecnolog\u00edas, la \u00f3pera de c\u00e1mara, los espect\u00e1culos con danza y el teatro instrumental. A lo largo de su trayectoria, el Ensamble Tropi estren\u00f3 23 obras de compositores\/as argentinos, como as\u00ed tambi\u00e9n primeras audiciones en el pa\u00eds de obras de c\u00e1mara de Pierluigi Billone, Mark Andr\u00e9, Rebecca Saunders, Chaya Czernowin, Salvatore Sciarrino, Mauricio Kagel, Eblis \u00c1lvarez, Niccolo Castiglioni, Sim\u00f3n Steen-Andersen, Marc Sabat. Paralelamente a su actividad art\u00edstica, el Ensamble Tropi realiza una intensa actividad pedag\u00f3gica brindando conciertos y clases en diversas instituciones educativas. Desde 2009, est\u00e1 vinculado a la Diplomatura en M\u00fasica Contempor\u00e1nea del Conservatorio Superior de M\u00fasica Manuel de Falla. Integran el Ensamble Tropi: Sebasti\u00e1n Tellado (flauta), Florencia Ciaffone (viol\u00edn), Manuel Moreno (guitarra), Juan Ignacio Zubiaurre (violoncello), Constancia Moroni (clarinete), Malena Levin (piano) y Juan Denari (percusi\u00f3n)<\/p>\n<p>Programa:<\/p>\n<ul>\n<li>GY\u00d6RGY KURT\u00c1G: <em>De Machaut a Bach<\/em><\/li>\n<li>S. BACH: <em>Canon per augmentatione contrario motu<\/em> *<\/li>\n<li>S. BACH: <em>Canon a 4 Quaerendo Invenietis<\/em> *<\/li>\n<li>JULIO MART\u00cdN VIERA: <em>Passacaglia sobre un tema de Bach<\/em> (1987)<\/li>\n<li>S. BACH: <em>Canon Modulante<\/em> *<\/li>\n<li>S. BACH: <em>Canon a 2 Per motum contrarium<\/em> *<\/li>\n<li>PAWEL SZYMANSKY: <em>Gigue<\/em> (2006)<\/li>\n<li>S. BACH: <em>Canon Perpetuus Super Thema Regium<\/em> *<\/li>\n<li>S. BACH: <em>Canon a 2 violini al un\u00edsono<\/em>*<\/li>\n<li>MATEO SERVI\u00c1N SFORZA: <em>Cromatropo [0, 49, 83]<\/em> (2024) (Estreno Mundial)<\/li>\n<\/ul>\n<p>&nbsp;<\/p>\n<p>*\u00a0 De la <em>Ofrenda Musical<\/em> de J.S. BACH, transcriptas e instrumentadas por SEBASTI\u00c1N GANGI<\/p>\n<p>&nbsp;<\/p>\n<ul>\n<li>S\u00e1bado 14 de septiembre 17h en el Centro Cultural Recoleta de la Ciudad de Buenos Aires<\/li>\n<\/ul>\n","protected":false},"excerpt":{"rendered":"<p>Gracias al apoyo brindado por el Programa Iberm\u00fasicas a trav\u00e9s de la Convocatoria 2023 de \u201cAyuda a compositores para residencias art\u00edsticas\u201d, el joven compositor paraguayo Mateo Servi\u00e1n Sforza realizar\u00e1 una residencia de creaci\u00f3n en la ciudad de Buenos Aires (Argentina) en la que colaborar\u00e1 con el Ensamble Tropi, prestigiosa agrupaci\u00f3n argentina dedicada a la m\u00fasica [&hellip;]<\/p>\n","protected":false},"author":7,"featured_media":20031,"comment_status":"closed","ping_status":"closed","sticky":false,"template":"","format":"standard","meta":{"footnotes":""},"categories":[53],"tags":[],"class_list":["post-20029","post","type-post","status-publish","format-standard","has-post-thumbnail","hentry","category-noticias-generales"],"lang":"es","translations":{"es":20029,"pt":20033},"pll_sync_post":[],"post_mailing_queue_ids":[],"_links":{"self":[{"href":"http:\/\/staging.ibermusicas.org\/index.php\/wp-json\/wp\/v2\/posts\/20029","targetHints":{"allow":["GET"]}}],"collection":[{"href":"http:\/\/staging.ibermusicas.org\/index.php\/wp-json\/wp\/v2\/posts"}],"about":[{"href":"http:\/\/staging.ibermusicas.org\/index.php\/wp-json\/wp\/v2\/types\/post"}],"author":[{"embeddable":true,"href":"http:\/\/staging.ibermusicas.org\/index.php\/wp-json\/wp\/v2\/users\/7"}],"replies":[{"embeddable":true,"href":"http:\/\/staging.ibermusicas.org\/index.php\/wp-json\/wp\/v2\/comments?post=20029"}],"version-history":[{"count":1,"href":"http:\/\/staging.ibermusicas.org\/index.php\/wp-json\/wp\/v2\/posts\/20029\/revisions"}],"predecessor-version":[{"id":20032,"href":"http:\/\/staging.ibermusicas.org\/index.php\/wp-json\/wp\/v2\/posts\/20029\/revisions\/20032"}],"wp:featuredmedia":[{"embeddable":true,"href":"http:\/\/staging.ibermusicas.org\/index.php\/wp-json\/wp\/v2\/media\/20031"}],"wp:attachment":[{"href":"http:\/\/staging.ibermusicas.org\/index.php\/wp-json\/wp\/v2\/media?parent=20029"}],"wp:term":[{"taxonomy":"category","embeddable":true,"href":"http:\/\/staging.ibermusicas.org\/index.php\/wp-json\/wp\/v2\/categories?post=20029"},{"taxonomy":"post_tag","embeddable":true,"href":"http:\/\/staging.ibermusicas.org\/index.php\/wp-json\/wp\/v2\/tags?post=20029"}],"curies":[{"name":"wp","href":"https:\/\/api.w.org\/{rel}","templated":true}]}}