{"id":20033,"date":"2024-08-30T19:01:35","date_gmt":"2024-08-30T19:01:35","guid":{"rendered":"http:\/\/staging.ibermusicas.org\/?p=20033"},"modified":"2024-09-30T13:45:47","modified_gmt":"2024-09-30T13:45:47","slug":"o-compositor-paraguaio-mateo-servian-sforza-realizara-uma-residencia-criativa-em-buenos-aires-com-o-ensamble-tropi-que-culminara-com-a-estreia-da-obra-cromatropo-0-49-83","status":"publish","type":"post","link":"http:\/\/staging.ibermusicas.org\/index.php\/o-compositor-paraguaio-mateo-servian-sforza-realizara-uma-residencia-criativa-em-buenos-aires-com-o-ensamble-tropi-que-culminara-com-a-estreia-da-obra-cromatropo-0-49-83\/","title":{"rendered":"O compositor paraguaio Mateo Servi\u00e1n Sforza realizar\u00e1 uma resid\u00eancia criativa em Buenos Aires com o Ensamble Tropi, que culminar\u00e1 com a estreia da obra Cromatropo [0, 49, 83]"},"content":{"rendered":"<p>Gra\u00e7as ao apoio concedido pelo Programa Iberm\u00fasicas atrav\u00e9s da Convocatoria 2023 de \u201cAyuda a compositores para residencias art\u00edsticas\u201d, o jovem compositor paraguaio Mateo Servi\u00e1n Sforza realizar\u00e1 uma resid\u00eancia criativa na cidade de Buenos Aires (Argentina) na qual colaborar\u00e1 com o Ensamble Tropi, um prestigioso ensamble argentino dedicado \u00e0 m\u00fasica contempor\u00e2nea. A resid\u00eancia terminar\u00e1 com a estreia da obra \u201cCromatropo [0, 49, 83]\u201d num concerto a realizar pelo Ensamble Tropi no Centro Cultural Recoleta em Buenos Aires.<\/p>\n<p>Durante a resid\u00eancia de tr\u00eas semanas, o compositor trabalhar\u00e1 em conjunto com os m\u00fasicos do Ensamble em ensaios musicais individuais e de grupo, com o objetivo de finalizar os detalhes da partitura e, ao mesmo tempo, aprofundar a interpreta\u00e7\u00e3o do Ensamble, de forma a preparar a estreia da obra.<\/p>\n<p>A composi\u00e7\u00e3o, instrumentada para flauta, percuss\u00e3o, guitarra el\u00e9ctrica e violoncelo, explora o conceito musical de \u201ctimbre\u201d, experimentando possibilidades sonoras n\u00e3o convencionais atrav\u00e9s de uma abordagem fenomenol\u00f3gica que considera a dimens\u00e3o da cor como o ponto de partida da linguagem, e n\u00e3o como um mero acess\u00f3rio decorativo. Figura\u00e7\u00f5es sonoras emergem de um magma pulsante, num fluxo de pura energia ac\u00fastica em cont\u00ednua transforma\u00e7\u00e3o.<\/p>\n<p>O t\u00edtulo da obra remete, por um lado, para o conceito de \u201cmovimento da cor\u201d, uma vez que em grego o termo chroma significa cor e tropos significa mudan\u00e7a ou dire\u00e7\u00e3o; a uni\u00e3o destes termos gregos deu origem, no s\u00e9culo XVI, \u00e0 palavra \u201ccromat\u00f3pio\u201d, que designava um aparelho que produzia imagens coloridas em movimento atrav\u00e9s da sobreposi\u00e7\u00e3o de dois vidros pintados. Da mesma forma, os n\u00fameros 0, 49, 83 presentes no t\u00edtulo correspondem ao c\u00f3digo RGB da cor denominada \u201cazul da Pr\u00fassia\u201d, que se relaciona com o repert\u00f3rio escolhido pelo Ensemble Tropi para o concerto de estreia, sendo constru\u00eddo em torno da Oferenda Musical de J. S. Bach, uma obra monumental criada pelo compositor alem\u00e3o a partir de um tema musical ditado pelo rei Frederico II da Pr\u00fassia.<\/p>\n<p>Mateo Servi\u00e1n Sforza nasceu em 1991 em Asunci\u00f3n (Paraguai) e estudou composi\u00e7\u00e3o com Mario Garuti no Conservat\u00f3rio de Mil\u00e3o. Participou tamb\u00e9m em masterclasses e semin\u00e1rios ministrados por importantes compositores. Recebeu duas vezes o Pr\u00e9mio de Composi\u00e7\u00e3o do Programa Iberm\u00fasicas, em 2021 e 2022, bem como a Men\u00e7\u00e3o Honrosa do Pr\u00e9mio Nacional de M\u00fasica do Paraguai na sua edi\u00e7\u00e3o de 2023. As suas composi\u00e7\u00f5es t\u00eam sido apresentadas em importantes festivais dedicados \u00e0 m\u00fasica contempor\u00e2nea. Estudou piano no Conservat\u00f3rio de Roma e, posteriormente, no Conservat\u00f3rio de Mil\u00e3o, onde concluiu o Mestrado em Piano com uma excelente classifica\u00e7\u00e3o final, tendo depois estudado com Daniel Rivera. Apresentou-se como solista e em grupos de c\u00e2mara, tocando em importantes salas de concerto. Apresentou-se como solista com a Orquestra Sinf\u00f3nica do Congresso do Paraguai e a Orquestra Sinf\u00f3nica da Cidade de Assun\u00e7\u00e3o. Colabora regularmente com a mezzo-soprano italiana Eleonora de Prez: o duo ganhou o Pr\u00e9mio Nacional para as Artes do Governo Italiano (na categoria de M\u00fasica de C\u00e2mara Vocal da Edi\u00e7\u00e3o 2020), o Primeiro Pr\u00e9mio Absoluto do 19\u00ba Concurso \u201cSeghizzi\u201d de Gorizia, e o Pr\u00e9mio FIDAPA do 6\u00ba Concurso \u201cElsa Respighi\u201d de Verona. Lecionou como professor convidado no Conservat\u00f3rio \u201cFranco Vittadini\u201d de Pavia (It\u00e1lia). Tamb\u00e9m deu semin\u00e1rios e workshops no Conservat\u00f3rio Nacional do Paraguai e na Universidade Nacional de Asunci\u00f3n.<\/p>\n<p>O Ensamble Tropi \u00e9 um conjunto est\u00e1vel dedicado \u00e0 difus\u00e3o da m\u00fasica de c\u00e2mara dos s\u00e9culos XX e XXI. Foi fundado em maio de 2008 e, desde ent\u00e3o, as suas actua\u00e7\u00f5es no panorama musical argentino t\u00eam merecido os coment\u00e1rios mais elogiosos, tanto do p\u00fablico como da imprensa especializada, tornando-o num dos mais prestigiados ensembles de m\u00fasica contempor\u00e2nea da Argentina atual e consolidando a sua posi\u00e7\u00e3o como um ensemble de renome internacional.O seu repert\u00f3rio caracteriza-se pela abordagem de obras de m\u00fasica de c\u00e2mara de compositores internacionais, argentinos e latino-americanos, bem como pela permanente encomenda de jovens compositores.Para al\u00e9m das apresenta\u00e7\u00f5es em concerto, a versatilidade das suas propostas art\u00edsticas inclui a intera\u00e7\u00e3o com as novas tecnologias, a \u00f3pera de c\u00e2mara, os espect\u00e1culos de dan\u00e7a e o teatro instrumental. Ao longo da sua carreira, o Ensamble Tropi estreou 23 obras de compositores argentinos, bem como primeiras apresenta\u00e7\u00f5es no pa\u00eds de obras de c\u00e2mara de Pierluigi Billone, Mark Andr\u00e9, Rebecca Saunders, Chaya Czernowin, Salvatore Sciarrino, Mauricio Kagel, Eblis \u00c1lvarez, Niccolo Castiglioni, Sim\u00f3n Steen-Andersen, Marc Sabat. Paralelamente \u00e0 sua atividade art\u00edstica, o Ensamble Tropi desenvolve uma intensa atividade pedag\u00f3gica, dando concertos e aulas em v\u00e1rias institui\u00e7\u00f5es de ensino. Desde 2009, est\u00e1 ligado ao Diploma de M\u00fasica Contempor\u00e2nea do Conservat\u00f3rio Superior de M\u00fasica Manuel de Falla. Os membros do Ensamble Tropi s\u00e3o: Sebasti\u00e1n Tellado (flauta), Florencia Ciaffone (violino), Manuel Moreno (guitarra), Juan Ignacio Zubiaurre (violoncelo), Constancia Moroni (clarinete), Malena Levin (piano) e Juan Denari (percuss\u00e3o).<\/p>\n<p>Programa:<\/p>\n<ul>\n<li>GY\u00d6RGY KURT\u00c1G: De Machaut a Bach<\/li>\n<li>S. BACH: Canon per augmentatione contrario motu * (C\u00e2none por aumenta\u00e7\u00e3o e motu contr\u00e1rio *)<\/li>\n<li>S. BACH: C\u00e2none a 4 Quaerendo Invenietis *<\/li>\n<li>JULIO MART\u00cdN VIERA: Passacaglia sobre um tema de Bach (1987)<\/li>\n<li>S. BACH: C\u00e2none Modulante *<\/li>\n<li>S. BACH: C\u00e2none a 2 Per motum contrarium *<\/li>\n<li>PAWEL SZYMANSKY: Gigue (2006)<\/li>\n<li>S. BACH: C\u00e2none Perpetuus Super Thema Regium * PAWEL SZYMANSKY: Gigue (2006)<\/li>\n<li>S. BACH: Canon a 2 violini al un\u00edsono * PAWEL SZYMANSKY: Gigue (2006)<\/li>\n<li>MATEO SERVI\u00c1N SFORZA: Cromatropo [0, 49, 83] (2024) (Estreia mundial)<\/li>\n<\/ul>\n<p>* Da Oferenda Musical de J.S. BACH, transcrita e instrumentada por SEBASTI\u00c1N GANGI<\/p>\n<ul>\n<li>S\u00e1bado, 14 de setembro 17h00 no Centro Cultural Recoleta da Cidade de Buenos Aires<\/li>\n<\/ul>\n","protected":false},"excerpt":{"rendered":"<p>Gra\u00e7as ao apoio concedido pelo Programa Iberm\u00fasicas atrav\u00e9s da Convocatoria 2023 de \u201cAyuda a compositores para residencias art\u00edsticas\u201d, o jovem compositor paraguaio Mateo Servi\u00e1n Sforza realizar\u00e1 uma resid\u00eancia criativa na cidade de Buenos Aires (Argentina) na qual colaborar\u00e1 com o Ensamble Tropi, um prestigioso ensamble argentino dedicado \u00e0 m\u00fasica contempor\u00e2nea. A resid\u00eancia terminar\u00e1 com a [&hellip;]<\/p>\n","protected":false},"author":7,"featured_media":20031,"comment_status":"closed","ping_status":"closed","sticky":false,"template":"","format":"standard","meta":{"footnotes":""},"categories":[218],"tags":[],"class_list":["post-20033","post","type-post","status-publish","format-standard","has-post-thumbnail","hentry","category-noticias-generales-pt"],"lang":"pt","translations":{"pt":20033,"es":20029},"pll_sync_post":[],"post_mailing_queue_ids":[],"_links":{"self":[{"href":"http:\/\/staging.ibermusicas.org\/index.php\/wp-json\/wp\/v2\/posts\/20033","targetHints":{"allow":["GET"]}}],"collection":[{"href":"http:\/\/staging.ibermusicas.org\/index.php\/wp-json\/wp\/v2\/posts"}],"about":[{"href":"http:\/\/staging.ibermusicas.org\/index.php\/wp-json\/wp\/v2\/types\/post"}],"author":[{"embeddable":true,"href":"http:\/\/staging.ibermusicas.org\/index.php\/wp-json\/wp\/v2\/users\/7"}],"replies":[{"embeddable":true,"href":"http:\/\/staging.ibermusicas.org\/index.php\/wp-json\/wp\/v2\/comments?post=20033"}],"version-history":[{"count":1,"href":"http:\/\/staging.ibermusicas.org\/index.php\/wp-json\/wp\/v2\/posts\/20033\/revisions"}],"predecessor-version":[{"id":20034,"href":"http:\/\/staging.ibermusicas.org\/index.php\/wp-json\/wp\/v2\/posts\/20033\/revisions\/20034"}],"wp:featuredmedia":[{"embeddable":true,"href":"http:\/\/staging.ibermusicas.org\/index.php\/wp-json\/wp\/v2\/media\/20031"}],"wp:attachment":[{"href":"http:\/\/staging.ibermusicas.org\/index.php\/wp-json\/wp\/v2\/media?parent=20033"}],"wp:term":[{"taxonomy":"category","embeddable":true,"href":"http:\/\/staging.ibermusicas.org\/index.php\/wp-json\/wp\/v2\/categories?post=20033"},{"taxonomy":"post_tag","embeddable":true,"href":"http:\/\/staging.ibermusicas.org\/index.php\/wp-json\/wp\/v2\/tags?post=20033"}],"curies":[{"name":"wp","href":"https:\/\/api.w.org\/{rel}","templated":true}]}}