{"id":20141,"date":"2024-09-12T19:29:20","date_gmt":"2024-09-12T19:29:20","guid":{"rendered":"http:\/\/staging.ibermusicas.org\/?p=20141"},"modified":"2024-09-30T14:00:14","modified_gmt":"2024-09-30T14:00:14","slug":"guadalupe-urbina-de-costa-rica-presenta-el-baile-de-la-senorita-del-cancionero-tradicional-de-guanacaste-vol-iii-parrandeando-con-guilas","status":"publish","type":"post","link":"http:\/\/staging.ibermusicas.org\/index.php\/guadalupe-urbina-de-costa-rica-presenta-el-baile-de-la-senorita-del-cancionero-tradicional-de-guanacaste-vol-iii-parrandeando-con-guilas\/","title":{"rendered":"Guadalupe Urbina de Costa Rica presenta \u00abEl baile de la se\u00f1orita\u00bb del Cancionero Tradicional de Guanacaste VOL III: Parrandeando con G\u00fcilas"},"content":{"rendered":"<p>Guadalupe Urbina comparte el lanzamiento del audiovisual promocional con avances del proyecto, que incluye el tema \u00abEl baile de la se\u00f1orita\u00bb, que forma parte del repertorio infantil del Cancionero Tradicional de Guanacaste VOL III: Parrandeando con G\u00fcilas.<\/p>\n<p>&nbsp;<\/p>\n<p>En esta canci\u00f3n, la voz principal es interpretada por la artista costarricense Berenice Jim\u00e9nez; el acorde\u00f3n y las percusiones por la percusionista colombiana Anyul Ar\u00e9valo; y el contrabajo, las guitarras y otros instrumentos de cuerda, por el m\u00fasico costarricense Javier Alvarado.<\/p>\n<p>Guadalupe Urbina dedica este trabajo \u201cA nuestras ancestros, a los ni\u00f1os y las ni\u00f1as, a nuestra alegr\u00eda\u201d<\/p>\n<p>&nbsp;<\/p>\n<p>El proyecto Cancionero Tradicional de Guanacaste: Parrandeando con G\u00fcilas ha recibido el apoyo de Iberm\u00fasicas.<\/p>\n<p>Ver video en:<a href=\"https:\/\/youtu.be\/Os_6x0IY-JU\">https:\/\/youtu.be\/Os_6x0IY-JU<\/a><\/p>\n","protected":false},"excerpt":{"rendered":"<p>Guadalupe Urbina comparte el lanzamiento del audiovisual promocional con avances del proyecto, que incluye el tema \u00abEl baile de la se\u00f1orita\u00bb, que forma parte del repertorio infantil del Cancionero Tradicional de Guanacaste VOL III: Parrandeando con G\u00fcilas. &nbsp; En esta canci\u00f3n, la voz principal es interpretada por la artista costarricense Berenice Jim\u00e9nez; el acorde\u00f3n y [&hellip;]<\/p>\n","protected":false},"author":7,"featured_media":20142,"comment_status":"closed","ping_status":"closed","sticky":false,"template":"","format":"standard","meta":{"footnotes":""},"categories":[53],"tags":[],"class_list":["post-20141","post","type-post","status-publish","format-standard","has-post-thumbnail","hentry","category-noticias-generales"],"lang":"es","translations":{"es":20141,"pt":20144},"pll_sync_post":[],"post_mailing_queue_ids":[],"_links":{"self":[{"href":"http:\/\/staging.ibermusicas.org\/index.php\/wp-json\/wp\/v2\/posts\/20141","targetHints":{"allow":["GET"]}}],"collection":[{"href":"http:\/\/staging.ibermusicas.org\/index.php\/wp-json\/wp\/v2\/posts"}],"about":[{"href":"http:\/\/staging.ibermusicas.org\/index.php\/wp-json\/wp\/v2\/types\/post"}],"author":[{"embeddable":true,"href":"http:\/\/staging.ibermusicas.org\/index.php\/wp-json\/wp\/v2\/users\/7"}],"replies":[{"embeddable":true,"href":"http:\/\/staging.ibermusicas.org\/index.php\/wp-json\/wp\/v2\/comments?post=20141"}],"version-history":[{"count":1,"href":"http:\/\/staging.ibermusicas.org\/index.php\/wp-json\/wp\/v2\/posts\/20141\/revisions"}],"predecessor-version":[{"id":20143,"href":"http:\/\/staging.ibermusicas.org\/index.php\/wp-json\/wp\/v2\/posts\/20141\/revisions\/20143"}],"wp:featuredmedia":[{"embeddable":true,"href":"http:\/\/staging.ibermusicas.org\/index.php\/wp-json\/wp\/v2\/media\/20142"}],"wp:attachment":[{"href":"http:\/\/staging.ibermusicas.org\/index.php\/wp-json\/wp\/v2\/media?parent=20141"}],"wp:term":[{"taxonomy":"category","embeddable":true,"href":"http:\/\/staging.ibermusicas.org\/index.php\/wp-json\/wp\/v2\/categories?post=20141"},{"taxonomy":"post_tag","embeddable":true,"href":"http:\/\/staging.ibermusicas.org\/index.php\/wp-json\/wp\/v2\/tags?post=20141"}],"curies":[{"name":"wp","href":"https:\/\/api.w.org\/{rel}","templated":true}]}}