{"id":20144,"date":"2024-09-12T19:31:12","date_gmt":"2024-09-12T19:31:12","guid":{"rendered":"http:\/\/staging.ibermusicas.org\/?p=20144"},"modified":"2024-09-30T13:45:24","modified_gmt":"2024-09-30T13:45:24","slug":"guadalupe-urbina-da-costa-rica-apresenta-el-baile-de-la-senorita-do-cancionero-tradicional-de-guanacaste-vol-iii-parrandeando-con-guilas","status":"publish","type":"post","link":"http:\/\/staging.ibermusicas.org\/index.php\/guadalupe-urbina-da-costa-rica-apresenta-el-baile-de-la-senorita-do-cancionero-tradicional-de-guanacaste-vol-iii-parrandeando-con-guilas\/","title":{"rendered":"Guadalupe Urbina, da Costa Rica, apresenta \u201cEl baile de la se\u00f1orita\u201d do Cancionero Tradicional de Guanacaste VOL III: Parrandeando con G\u00fcilas"},"content":{"rendered":"<p>Guadalupe Urbina partilha o lan\u00e7amento do audiovisual promocional com antevis\u00f5es do projeto, que inclui a can\u00e7\u00e3o \u201cEl baile de la se\u00f1orita\u201d, que faz parte do repert\u00f3rio infantil do Cancionero Tradicional de Guanacaste VOL III: Parrandeando con G\u00fcilas.<\/p>\n<p>Nesta can\u00e7\u00e3o, a voz principal \u00e9 interpretada pela artista costa-riquenha Berenice Jim\u00e9nez; o acorde\u00e3o e a percuss\u00e3o pela percussionista colombiana Anyul Ar\u00e9valo; e o contrabaixo, as guitarras e outros instrumentos de corda pelo m\u00fasico costa-riquenho Javier Alvarado.<\/p>\n<p>Guadalupe Urbina dedica este trabalho \u201cAos nossos antepassados, \u00e0s crian\u00e7as, \u00e0 nossa alegria\u201d.<\/p>\n<p>O projeto Cancionero Tradicional de Guanacaste: Parrandeando con G\u00fcilas recebeu o apoio do Iberm\u00fasicas.<\/p>\n<p>Ver v\u00eddeo em:<a href=\"https:\/\/youtu.be\/Os_6x0IY-JU\">https:\/\/youtu.be\/Os_6x0IY-JU<\/a><\/p>\n","protected":false},"excerpt":{"rendered":"<p>Guadalupe Urbina partilha o lan\u00e7amento do audiovisual promocional com antevis\u00f5es do projeto, que inclui a can\u00e7\u00e3o \u201cEl baile de la se\u00f1orita\u201d, que faz parte do repert\u00f3rio infantil do Cancionero Tradicional de Guanacaste VOL III: Parrandeando con G\u00fcilas. Nesta can\u00e7\u00e3o, a voz principal \u00e9 interpretada pela artista costa-riquenha Berenice Jim\u00e9nez; o acorde\u00e3o e a percuss\u00e3o pela [&hellip;]<\/p>\n","protected":false},"author":7,"featured_media":20142,"comment_status":"closed","ping_status":"closed","sticky":false,"template":"","format":"standard","meta":{"footnotes":""},"categories":[218],"tags":[],"class_list":["post-20144","post","type-post","status-publish","format-standard","has-post-thumbnail","hentry","category-noticias-generales-pt"],"lang":"pt","translations":{"pt":20144,"es":20141},"pll_sync_post":[],"post_mailing_queue_ids":[],"_links":{"self":[{"href":"http:\/\/staging.ibermusicas.org\/index.php\/wp-json\/wp\/v2\/posts\/20144","targetHints":{"allow":["GET"]}}],"collection":[{"href":"http:\/\/staging.ibermusicas.org\/index.php\/wp-json\/wp\/v2\/posts"}],"about":[{"href":"http:\/\/staging.ibermusicas.org\/index.php\/wp-json\/wp\/v2\/types\/post"}],"author":[{"embeddable":true,"href":"http:\/\/staging.ibermusicas.org\/index.php\/wp-json\/wp\/v2\/users\/7"}],"replies":[{"embeddable":true,"href":"http:\/\/staging.ibermusicas.org\/index.php\/wp-json\/wp\/v2\/comments?post=20144"}],"version-history":[{"count":1,"href":"http:\/\/staging.ibermusicas.org\/index.php\/wp-json\/wp\/v2\/posts\/20144\/revisions"}],"predecessor-version":[{"id":20145,"href":"http:\/\/staging.ibermusicas.org\/index.php\/wp-json\/wp\/v2\/posts\/20144\/revisions\/20145"}],"wp:featuredmedia":[{"embeddable":true,"href":"http:\/\/staging.ibermusicas.org\/index.php\/wp-json\/wp\/v2\/media\/20142"}],"wp:attachment":[{"href":"http:\/\/staging.ibermusicas.org\/index.php\/wp-json\/wp\/v2\/media?parent=20144"}],"wp:term":[{"taxonomy":"category","embeddable":true,"href":"http:\/\/staging.ibermusicas.org\/index.php\/wp-json\/wp\/v2\/categories?post=20144"},{"taxonomy":"post_tag","embeddable":true,"href":"http:\/\/staging.ibermusicas.org\/index.php\/wp-json\/wp\/v2\/tags?post=20144"}],"curies":[{"name":"wp","href":"https:\/\/api.w.org\/{rel}","templated":true}]}}