{"id":20146,"date":"2024-09-12T19:40:36","date_gmt":"2024-09-12T19:40:36","guid":{"rendered":"http:\/\/staging.ibermusicas.org\/?p=20146"},"modified":"2024-09-30T14:00:04","modified_gmt":"2024-09-30T14:00:04","slug":"la-agrupacion-roda-libre-de-peru-ganadora-del-premio-especial-brasil-ibermusicas-edicion-2023-presenta-un-nuevo-concierto","status":"publish","type":"post","link":"http:\/\/staging.ibermusicas.org\/index.php\/la-agrupacion-roda-libre-de-peru-ganadora-del-premio-especial-brasil-ibermusicas-edicion-2023-presenta-un-nuevo-concierto\/","title":{"rendered":"La agrupaci\u00f3n Roda Libre de Per\u00fa, ganadora del premio especial Brasil Iberm\u00fasicas, edici\u00f3n 2023, presenta un nuevo concierto"},"content":{"rendered":"<p>Roda Libre es un grupo de Per\u00fa que trabaja un repertorio de m\u00fasica tradicional brasile\u00f1a. Tiene como prop\u00f3sito difundir la cultura brasile\u00f1a, por medio de la investigaci\u00f3n, producci\u00f3n, interpretaci\u00f3n y ejecuci\u00f3n musical de los diversos estilos contribuyendo a la innovaci\u00f3n de los g\u00e9neros musicales brasile\u00f1os. La propuesta explora ritmos como samba, frevo, maracat\u00fa, bai\u1fb6o, forr\u00f3, etc., y compositores como Pixinguinha, Jacob do Bandolim, Chiquinha Gonzaga, entre otros, desde una perspectiva motivada por un esp\u00edritu creativo y renovador.<\/p>\n<p>&nbsp;<\/p>\n<p>El grupo est\u00e1 compuesto por Luc\u00eda Seijas Garc\u00eda: flauta, vientos, arreglos, Paul Ch\u00e1vez: guitarra e \u00cdtalo Bracamonte: pandeiro, percusi\u00f3n, bater\u00eda; todos ellos egresados del Conservatorio de Tatu\u00ed (SP-Brasil) en m\u00fasica cl\u00e1sica y popular.<\/p>\n<p>&nbsp;<\/p>\n<p>Roda Libre tiene como uno de sus principales objetivos el promover la Cultura Brasile\u00f1a por medio de la investigaci\u00f3n, la producci\u00f3n, la interpretaci\u00f3n y ejecuci\u00f3n musical de los diversos estilos.<\/p>\n<p>&nbsp;<\/p>\n<ul>\n<li>Martes 17 de septiembre, 21h: Asociaci\u00f3n de Jazz de Lima, Camino Real 1075, San Isidro, Lima, Per\u00fa<\/li>\n<\/ul>\n","protected":false},"excerpt":{"rendered":"<p>Roda Libre es un grupo de Per\u00fa que trabaja un repertorio de m\u00fasica tradicional brasile\u00f1a. Tiene como prop\u00f3sito difundir la cultura brasile\u00f1a, por medio de la investigaci\u00f3n, producci\u00f3n, interpretaci\u00f3n y ejecuci\u00f3n musical de los diversos estilos contribuyendo a la innovaci\u00f3n de los g\u00e9neros musicales brasile\u00f1os. La propuesta explora ritmos como samba, frevo, maracat\u00fa, bai\u1fb6o, forr\u00f3, [&hellip;]<\/p>\n","protected":false},"author":7,"featured_media":20147,"comment_status":"closed","ping_status":"closed","sticky":false,"template":"","format":"standard","meta":{"footnotes":""},"categories":[53],"tags":[],"class_list":["post-20146","post","type-post","status-publish","format-standard","has-post-thumbnail","hentry","category-noticias-generales"],"lang":"es","translations":{"es":20146,"pt":20149},"pll_sync_post":[],"post_mailing_queue_ids":[],"_links":{"self":[{"href":"http:\/\/staging.ibermusicas.org\/index.php\/wp-json\/wp\/v2\/posts\/20146","targetHints":{"allow":["GET"]}}],"collection":[{"href":"http:\/\/staging.ibermusicas.org\/index.php\/wp-json\/wp\/v2\/posts"}],"about":[{"href":"http:\/\/staging.ibermusicas.org\/index.php\/wp-json\/wp\/v2\/types\/post"}],"author":[{"embeddable":true,"href":"http:\/\/staging.ibermusicas.org\/index.php\/wp-json\/wp\/v2\/users\/7"}],"replies":[{"embeddable":true,"href":"http:\/\/staging.ibermusicas.org\/index.php\/wp-json\/wp\/v2\/comments?post=20146"}],"version-history":[{"count":1,"href":"http:\/\/staging.ibermusicas.org\/index.php\/wp-json\/wp\/v2\/posts\/20146\/revisions"}],"predecessor-version":[{"id":20148,"href":"http:\/\/staging.ibermusicas.org\/index.php\/wp-json\/wp\/v2\/posts\/20146\/revisions\/20148"}],"wp:featuredmedia":[{"embeddable":true,"href":"http:\/\/staging.ibermusicas.org\/index.php\/wp-json\/wp\/v2\/media\/20147"}],"wp:attachment":[{"href":"http:\/\/staging.ibermusicas.org\/index.php\/wp-json\/wp\/v2\/media?parent=20146"}],"wp:term":[{"taxonomy":"category","embeddable":true,"href":"http:\/\/staging.ibermusicas.org\/index.php\/wp-json\/wp\/v2\/categories?post=20146"},{"taxonomy":"post_tag","embeddable":true,"href":"http:\/\/staging.ibermusicas.org\/index.php\/wp-json\/wp\/v2\/tags?post=20146"}],"curies":[{"name":"wp","href":"https:\/\/api.w.org\/{rel}","templated":true}]}}