{"id":20149,"date":"2024-09-12T19:42:09","date_gmt":"2024-09-12T19:42:09","guid":{"rendered":"http:\/\/staging.ibermusicas.org\/?p=20149"},"modified":"2024-09-30T13:45:18","modified_gmt":"2024-09-30T13:45:18","slug":"o-grupo-peruano-roda-libre-vencedora-do-premio-especial-brasil-ibermusicas-edicao-2023-apresenta-um-novo-concerto","status":"publish","type":"post","link":"http:\/\/staging.ibermusicas.org\/index.php\/o-grupo-peruano-roda-libre-vencedora-do-premio-especial-brasil-ibermusicas-edicao-2023-apresenta-um-novo-concerto\/","title":{"rendered":"O grupo peruano Roda Libre, vencedora do pr\u00e9mio especial Brasil Iberm\u00fasicas, edi\u00e7\u00e3o 2023, apresenta um novo concerto"},"content":{"rendered":"<p>O Roda Libre \u00e9 um grupo do Peru que trabalha com um repert\u00f3rio de m\u00fasica tradicional brasileira. Tem como objetivo difundir a cultura brasileira atrav\u00e9s da pesquisa, produ\u00e7\u00e3o, interpreta\u00e7\u00e3o e execu\u00e7\u00e3o musical de diversos estilos de, contribuindo para a inova\u00e7\u00e3o dos g\u00eaneros musicais brasileiros. A proposta explora ritmos como o samba, o frevo, o maracat\u00fa, o bai\u1fb6o, o forr\u00f3, etc., e compositores como Pixinguinha, Jacob do Bandolim, Chiquinha Gonzaga, entre outros, numa perspetiva motivada por um esp\u00edrito criativo e inovador.<\/p>\n<p>O grupo \u00e9 composto por Luc\u00eda Seijas Garc\u00eda: flauta, sopros, arranjos, Paul Ch\u00e1vez: viol\u00e3o e \u00cdtalo Bracamonte: pandeiro, percuss\u00e3o, bateria; todos formados pelo Conservat\u00f3rio de Tatu\u00ed (SP-Brasil) em m\u00fasica erudita e popular.<\/p>\n<p>Um dos principais objetivos do Roda Libre \u00e9 promover a cultura brasileira atrav\u00e9s da pesquisa, produ\u00e7\u00e3o, interpreta\u00e7\u00e3o e execu\u00e7\u00e3o musical de diferentes estilos.<\/p>\n<ul>\n<li>Ter\u00e7a-feira 17 de setembro, 21h, Asociaci\u00f3n de Jazz de Lima, Camino Real 1075, San Isidro, Lima, Per\u00fa<\/li>\n<\/ul>\n","protected":false},"excerpt":{"rendered":"<p>O Roda Libre \u00e9 um grupo do Peru que trabalha com um repert\u00f3rio de m\u00fasica tradicional brasileira. Tem como objetivo difundir a cultura brasileira atrav\u00e9s da pesquisa, produ\u00e7\u00e3o, interpreta\u00e7\u00e3o e execu\u00e7\u00e3o musical de diversos estilos de, contribuindo para a inova\u00e7\u00e3o dos g\u00eaneros musicais brasileiros. A proposta explora ritmos como o samba, o frevo, o maracat\u00fa, [&hellip;]<\/p>\n","protected":false},"author":7,"featured_media":20147,"comment_status":"closed","ping_status":"closed","sticky":false,"template":"","format":"standard","meta":{"footnotes":""},"categories":[218],"tags":[],"class_list":["post-20149","post","type-post","status-publish","format-standard","has-post-thumbnail","hentry","category-noticias-generales-pt"],"lang":"pt","translations":{"pt":20149,"es":20146},"pll_sync_post":[],"post_mailing_queue_ids":[],"_links":{"self":[{"href":"http:\/\/staging.ibermusicas.org\/index.php\/wp-json\/wp\/v2\/posts\/20149","targetHints":{"allow":["GET"]}}],"collection":[{"href":"http:\/\/staging.ibermusicas.org\/index.php\/wp-json\/wp\/v2\/posts"}],"about":[{"href":"http:\/\/staging.ibermusicas.org\/index.php\/wp-json\/wp\/v2\/types\/post"}],"author":[{"embeddable":true,"href":"http:\/\/staging.ibermusicas.org\/index.php\/wp-json\/wp\/v2\/users\/7"}],"replies":[{"embeddable":true,"href":"http:\/\/staging.ibermusicas.org\/index.php\/wp-json\/wp\/v2\/comments?post=20149"}],"version-history":[{"count":1,"href":"http:\/\/staging.ibermusicas.org\/index.php\/wp-json\/wp\/v2\/posts\/20149\/revisions"}],"predecessor-version":[{"id":20150,"href":"http:\/\/staging.ibermusicas.org\/index.php\/wp-json\/wp\/v2\/posts\/20149\/revisions\/20150"}],"wp:featuredmedia":[{"embeddable":true,"href":"http:\/\/staging.ibermusicas.org\/index.php\/wp-json\/wp\/v2\/media\/20147"}],"wp:attachment":[{"href":"http:\/\/staging.ibermusicas.org\/index.php\/wp-json\/wp\/v2\/media?parent=20149"}],"wp:term":[{"taxonomy":"category","embeddable":true,"href":"http:\/\/staging.ibermusicas.org\/index.php\/wp-json\/wp\/v2\/categories?post=20149"},{"taxonomy":"post_tag","embeddable":true,"href":"http:\/\/staging.ibermusicas.org\/index.php\/wp-json\/wp\/v2\/tags?post=20149"}],"curies":[{"name":"wp","href":"https:\/\/api.w.org\/{rel}","templated":true}]}}