{"id":20151,"date":"2024-09-12T19:56:47","date_gmt":"2024-09-12T19:56:47","guid":{"rendered":"http:\/\/staging.ibermusicas.org\/?p=20151"},"modified":"2024-09-30T13:59:50","modified_gmt":"2024-09-30T13:59:50","slug":"el-ensamble-vocal-luna-de-cuba-se-presentara-en-colombia","status":"publish","type":"post","link":"http:\/\/staging.ibermusicas.org\/index.php\/el-ensamble-vocal-luna-de-cuba-se-presentara-en-colombia\/","title":{"rendered":"El Ensamble Vocal Luna de Cuba se presentar\u00e1 en Colombia"},"content":{"rendered":"<p>El coro femenino Ensemble Vocal Luna es una agrupaci\u00f3n de excelencia en el cat\u00e1logo de la m\u00fasica cubana. Sus veinte a\u00f1os de vuelo art\u00edstico sostenido permiten exhibir un quehacer maduro y, al tiempo, renovado en una propuesta que se distingue por el refinamiento, tanto de sus interpretaciones como de sus integrantes.<\/p>\n<p>&nbsp;<\/p>\n<p>El Ensamble Vocal Luna incluye en su repertorio toda la m\u00fasica coral posible para su formato: m\u00fasica antigua, cl\u00e1sica y rom\u00e1ntica; obras sacras; de navidad; world music; piezas contempor\u00e1neas y, sobre todo, m\u00fasica popular cubana en arreglos a capella o con acompa\u00f1amiento.<\/p>\n<p>&nbsp;<\/p>\n<p>La agrupaci\u00f3n es reconocida por su trabajo en la divulgaci\u00f3n de las creaciones de compositoras cubanas e internacionales, muchas de las cuales han creado obras especialmente para este coro. Sus integrantes \u2014graduadas de canto coral, direcci\u00f3n coral y orquestal; music\u00f3logas, pedagogas e instrumentistas\u2014 ofrecen una propuesta que se distingue por la sonoridad brillante y por la experimentaci\u00f3n constante. Cada presentaci\u00f3n es un momento \u00fanico donde el medio coral femenino expande sus fronteras m\u00e1s all\u00e1 del canto para adentrarse en la expresividad corporal a trav\u00e9s de novedosos elementos coreogr\u00e1ficos y esc\u00e9nicos.<\/p>\n<p>&nbsp;<\/p>\n<p>El Ensamble Vocal Luna se ha presentado en selectos escenarios nacionales e internacionales y en reconocidos eventos corales de Espa\u00f1a, M\u00e9xico, Ecuador y Venezuela. Cuenta con dos producciones discogr\u00e1ficas: Apunte (2005) y Cantos de Cuba y del Mundo (2015). Ha sido ganador de dos medallas de oro en los Juegos Ol\u00edmpicos Corales desarrollados en Sud\u00e1frica en 2018.<\/p>\n<p>&nbsp;<\/p>\n<p>Su directora, Maribel Nodarse Vald\u00e9s, es Licenciada en m\u00fasica por la Universidad de las Artes (ISA) de La Habana en las especialidades de Direcci\u00f3n coral y orquestal. Es fundadora del Ensemble Vocal Luna y directora de la cantor\u00eda infantil Allegretto. Se desempe\u00f1a como profesora de direcci\u00f3n coral y literatura coral en la Escuela Nacional de M\u00fasica.<\/p>\n<p>&nbsp;<\/p>\n<p>Esta gira del Ensamble Vocal Luna cuenta con el apoyo de Iberm\u00fasicas mediante sus ayudas a la circulaci\u00f3n, convocatoria 2023.<\/p>\n<p>&nbsp;<\/p>\n<ul>\n<li>Del 17 al 24 de septiembre en Colombia<\/li>\n<\/ul>\n","protected":false},"excerpt":{"rendered":"<p>El coro femenino Ensemble Vocal Luna es una agrupaci\u00f3n de excelencia en el cat\u00e1logo de la m\u00fasica cubana. Sus veinte a\u00f1os de vuelo art\u00edstico sostenido permiten exhibir un quehacer maduro y, al tiempo, renovado en una propuesta que se distingue por el refinamiento, tanto de sus interpretaciones como de sus integrantes. &nbsp; El Ensamble Vocal [&hellip;]<\/p>\n","protected":false},"author":7,"featured_media":20153,"comment_status":"closed","ping_status":"closed","sticky":false,"template":"","format":"standard","meta":{"footnotes":""},"categories":[53],"tags":[],"class_list":["post-20151","post","type-post","status-publish","format-standard","has-post-thumbnail","hentry","category-noticias-generales"],"lang":"es","translations":{"es":20151,"pt":20155},"pll_sync_post":[],"post_mailing_queue_ids":[],"_links":{"self":[{"href":"http:\/\/staging.ibermusicas.org\/index.php\/wp-json\/wp\/v2\/posts\/20151","targetHints":{"allow":["GET"]}}],"collection":[{"href":"http:\/\/staging.ibermusicas.org\/index.php\/wp-json\/wp\/v2\/posts"}],"about":[{"href":"http:\/\/staging.ibermusicas.org\/index.php\/wp-json\/wp\/v2\/types\/post"}],"author":[{"embeddable":true,"href":"http:\/\/staging.ibermusicas.org\/index.php\/wp-json\/wp\/v2\/users\/7"}],"replies":[{"embeddable":true,"href":"http:\/\/staging.ibermusicas.org\/index.php\/wp-json\/wp\/v2\/comments?post=20151"}],"version-history":[{"count":1,"href":"http:\/\/staging.ibermusicas.org\/index.php\/wp-json\/wp\/v2\/posts\/20151\/revisions"}],"predecessor-version":[{"id":20154,"href":"http:\/\/staging.ibermusicas.org\/index.php\/wp-json\/wp\/v2\/posts\/20151\/revisions\/20154"}],"wp:featuredmedia":[{"embeddable":true,"href":"http:\/\/staging.ibermusicas.org\/index.php\/wp-json\/wp\/v2\/media\/20153"}],"wp:attachment":[{"href":"http:\/\/staging.ibermusicas.org\/index.php\/wp-json\/wp\/v2\/media?parent=20151"}],"wp:term":[{"taxonomy":"category","embeddable":true,"href":"http:\/\/staging.ibermusicas.org\/index.php\/wp-json\/wp\/v2\/categories?post=20151"},{"taxonomy":"post_tag","embeddable":true,"href":"http:\/\/staging.ibermusicas.org\/index.php\/wp-json\/wp\/v2\/tags?post=20151"}],"curies":[{"name":"wp","href":"https:\/\/api.w.org\/{rel}","templated":true}]}}